{"id":174225,"date":"2018-05-24T16:47:48","date_gmt":"2018-05-24T14:47:48","guid":{"rendered":"http:\/\/www.fuldaer-nachrichten.de\/?p=174225"},"modified":"2018-05-24T16:47:48","modified_gmt":"2018-05-24T14:47:48","slug":"keltische-klaenge-englische-lyrik","status":"publish","type":"post","link":"https:\/\/www.fuldaernachrichten.de\/?p=174225","title":{"rendered":"Keltische Kl\u00e4nge, englische Lyrik"},"content":{"rendered":"<p align=\"left\"><span style=\"font-family: Arial;\">Zu einer musikalisch-lyrischen Reise durch den Jahreskreis l\u00e4dt ein Konzert in der ehemaligen Landsynagoge Heubach am kommenden Samstag, 26. Mai, ein. Carina Harbich (Gesang, Gitarre und Harfe) pr\u00e4sentiert eigene, von keltischer Tradition gepr\u00e4gte Vertonungen englischer Gedichte und Instrumentalst\u00fccke. Die Texte lassen Naturerleben, Brauchtum und Sagenwelt der Kelten lebendig werden. Die Veranstaltung, zu der der F\u00f6rderverein der Synagoge einl\u00e4dt, beginnt um 19.30 Uhr. Der Eintritt ist frei, es wird um eine angemessene Spende gebeten.<br \/>\n<a href=\"x-webdoc:\/\/DEC75E11-6018-444E-B95E-7AC908A99EFD\/www.synagoge-heubach.de\">www.synagoge-heubach.de<\/a><br \/>\n<\/span><\/p>\n","protected":false},"excerpt":{"rendered":"<div class=\"tmnf_excerpt\"><p>Zu einer musikalisch-lyrischen Reise durch den Jahreskreis l\u00e4dt ein Konzert in der ehemaligen Landsynagoge Heubach am kommenden Samstag, 26. Mai, ein. Carina Harbich (Gesang, Gitarre und Harfe) pr\u00e4sentiert eigene, von keltischer Tradition gepr\u00e4gte Vertonungen englischer Gedichte und Instrumentalst\u00fccke. Die Texte lassen Naturerleben, Brauchtum und Sagenwelt der Kelten lebendig werden. Die Veranstaltung, zu der der F\u00f6rderverein &hellip;<\/p>\n<\/div>","protected":false},"author":1,"featured_media":174226,"comment_status":"closed","ping_status":"closed","sticky":false,"template":"","format":"standard","meta":{"footnotes":""},"categories":[1],"tags":[],"class_list":["post-174225","post","type-post","status-publish","format-standard","has-post-thumbnail","hentry","category-startseite"],"_links":{"self":[{"href":"https:\/\/www.fuldaernachrichten.de\/index.php?rest_route=\/wp\/v2\/posts\/174225","targetHints":{"allow":["GET"]}}],"collection":[{"href":"https:\/\/www.fuldaernachrichten.de\/index.php?rest_route=\/wp\/v2\/posts"}],"about":[{"href":"https:\/\/www.fuldaernachrichten.de\/index.php?rest_route=\/wp\/v2\/types\/post"}],"author":[{"embeddable":true,"href":"https:\/\/www.fuldaernachrichten.de\/index.php?rest_route=\/wp\/v2\/users\/1"}],"replies":[{"embeddable":true,"href":"https:\/\/www.fuldaernachrichten.de\/index.php?rest_route=%2Fwp%2Fv2%2Fcomments&post=174225"}],"version-history":[{"count":1,"href":"https:\/\/www.fuldaernachrichten.de\/index.php?rest_route=\/wp\/v2\/posts\/174225\/revisions"}],"predecessor-version":[{"id":174227,"href":"https:\/\/www.fuldaernachrichten.de\/index.php?rest_route=\/wp\/v2\/posts\/174225\/revisions\/174227"}],"wp:featuredmedia":[{"embeddable":true,"href":"https:\/\/www.fuldaernachrichten.de\/index.php?rest_route=\/wp\/v2\/media\/174226"}],"wp:attachment":[{"href":"https:\/\/www.fuldaernachrichten.de\/index.php?rest_route=%2Fwp%2Fv2%2Fmedia&parent=174225"}],"wp:term":[{"taxonomy":"category","embeddable":true,"href":"https:\/\/www.fuldaernachrichten.de\/index.php?rest_route=%2Fwp%2Fv2%2Fcategories&post=174225"},{"taxonomy":"post_tag","embeddable":true,"href":"https:\/\/www.fuldaernachrichten.de\/index.php?rest_route=%2Fwp%2Fv2%2Ftags&post=174225"}],"curies":[{"name":"wp","href":"https:\/\/api.w.org\/{rel}","templated":true}]}}