{"id":174197,"date":"2018-05-23T18:37:17","date_gmt":"2018-05-23T16:37:17","guid":{"rendered":"http:\/\/www.fuldaer-nachrichten.de\/?p=174197"},"modified":"2018-05-23T18:37:17","modified_gmt":"2018-05-23T16:37:17","slug":"behinderungen-in-der-innenstadt","status":"publish","type":"post","link":"https:\/\/www.fuldaernachrichten.de\/?p=174197","title":{"rendered":"Behinderungen in der Innenstadt"},"content":{"rendered":"<p>Aufgrund des Firmenlaufes \u201eRh\u00f6nEnergie Challenge\u201c kommt es am Samstag, 26. Mai, zwischen 14.30 Uhr und 16.30 Uhr zu Behinderungen in der Fuldaer Innenstadt.<\/p>\n<p>In der Von-Schildeck-Stra\u00dfe zwischen Rangstra\u00dfe und Frankfurter Stra\u00dfe wird es zwischen 14.45 Uhr und 15.30 Uhr zu Einschr\u00e4nkungen kommen.<br \/>\nDie Rangstra\u00dfe wird zwischen der Kreuzung Von-Schildeck-Stra\u00dfe und Martin-Luther-Platz von 8 Uhr bis ca. 18 Uhr voll gesperrt sein.<\/p>\n<p>Aus Sicherheitsgr\u00fcnden wird in der Kapuzinerstra\u00dfe f\u00fcr den gesamten Tag ein absolutes Haltverbot angeordnet. Dieses gilt auch f\u00fcr die dort abgestellten Fahrr\u00e4der, Motorr\u00e4der und Motorroller auf den Parkstreifen und Gehwegen. Bei Zuwiderhandlungen wird es zwangsl\u00e4ufig zu kostenpflichtigen Abschleppma\u00dfnahmen kommen.<\/p>\n","protected":false},"excerpt":{"rendered":"<div class=\"tmnf_excerpt\"><p>Aufgrund des Firmenlaufes \u201eRh\u00f6nEnergie Challenge\u201c kommt es am Samstag, 26. Mai, zwischen 14.30 Uhr und 16.30 Uhr zu Behinderungen in der Fuldaer Innenstadt. In der Von-Schildeck-Stra\u00dfe zwischen Rangstra\u00dfe und Frankfurter Stra\u00dfe wird es zwischen 14.45 Uhr und 15.30 Uhr zu Einschr\u00e4nkungen kommen. Die Rangstra\u00dfe wird zwischen der Kreuzung Von-Schildeck-Stra\u00dfe und Martin-Luther-Platz von 8 Uhr bis &hellip;<\/p>\n<\/div>","protected":false},"author":1,"featured_media":0,"comment_status":"closed","ping_status":"closed","sticky":false,"template":"","format":"standard","meta":{"footnotes":""},"categories":[1],"tags":[],"class_list":["post-174197","post","type-post","status-publish","format-standard","hentry","category-startseite"],"_links":{"self":[{"href":"https:\/\/www.fuldaernachrichten.de\/index.php?rest_route=\/wp\/v2\/posts\/174197","targetHints":{"allow":["GET"]}}],"collection":[{"href":"https:\/\/www.fuldaernachrichten.de\/index.php?rest_route=\/wp\/v2\/posts"}],"about":[{"href":"https:\/\/www.fuldaernachrichten.de\/index.php?rest_route=\/wp\/v2\/types\/post"}],"author":[{"embeddable":true,"href":"https:\/\/www.fuldaernachrichten.de\/index.php?rest_route=\/wp\/v2\/users\/1"}],"replies":[{"embeddable":true,"href":"https:\/\/www.fuldaernachrichten.de\/index.php?rest_route=%2Fwp%2Fv2%2Fcomments&post=174197"}],"version-history":[{"count":1,"href":"https:\/\/www.fuldaernachrichten.de\/index.php?rest_route=\/wp\/v2\/posts\/174197\/revisions"}],"predecessor-version":[{"id":174199,"href":"https:\/\/www.fuldaernachrichten.de\/index.php?rest_route=\/wp\/v2\/posts\/174197\/revisions\/174199"}],"wp:attachment":[{"href":"https:\/\/www.fuldaernachrichten.de\/index.php?rest_route=%2Fwp%2Fv2%2Fmedia&parent=174197"}],"wp:term":[{"taxonomy":"category","embeddable":true,"href":"https:\/\/www.fuldaernachrichten.de\/index.php?rest_route=%2Fwp%2Fv2%2Fcategories&post=174197"},{"taxonomy":"post_tag","embeddable":true,"href":"https:\/\/www.fuldaernachrichten.de\/index.php?rest_route=%2Fwp%2Fv2%2Ftags&post=174197"}],"curies":[{"name":"wp","href":"https:\/\/api.w.org\/{rel}","templated":true}]}}