{"id":174192,"date":"2018-05-23T18:35:29","date_gmt":"2018-05-23T16:35:29","guid":{"rendered":"http:\/\/www.fuldaer-nachrichten.de\/?p=174192"},"modified":"2018-05-23T18:35:29","modified_gmt":"2018-05-23T16:35:29","slug":"spatenstich-fuer-ein-ehrgeiziges-modellprojekt-im-vogelsberg-eichhof-stiftung-legt-grundstein-fuer-jugend-und-familienzentrum-in-lauterbach","status":"publish","type":"post","link":"https:\/\/www.fuldaernachrichten.de\/?p=174192","title":{"rendered":"Spatenstich f\u00fcr ein ehrgeiziges Modellprojekt im Vogelsberg &#8211; Eichhof-Stiftung legt Grundstein f\u00fcr Jugend- und Familienzentrum in Lauterbach"},"content":{"rendered":"<p>Der Vorstand der Eichhof-Stiftung Lauterbach, Vertreter der Vogelsberger Lebensr\u00e4ume, Bauausf\u00fchrende sowie Vertreter der Stadt Lauterbach und des Kreisausschusses des Vogelsbergkreises hatten sich auf dem Areal der ehemaligen \u201eAlten G\u00e4rtnerei\u201c an der Wascherde in Lauterbach eingefunden, um den Spatenstich f\u00fcr ein ehrgeiziges Projekt durchzuf\u00fchren. Bereits am 1. November soll das neue inklusive Jugend- und Familienzentrum der Vogelsberger Lebensr\u00e4ume er\u00f6ffnet werden. Investor und Tr\u00e4ger des 2,5 Mio. EUR umfassenden Projekts ist die Eichhof-Stiftung Lauterbach.<\/p>\n<p>Deren Vorstandsvorsitzender Hans-J\u00fcrgen Sch\u00e4fer er\u00f6ffnete die Grundsteinlegung mit den Worten: \u201eEichhof baut mal wieder!\u201c Er stellte die in Kooperation mit dem Jugendamt Lauterbach entstehende Einrichtung als Modellprojekt f\u00fcr die Region vor, das die volle Zustimmung der beteiligten Stellen finde, da \u201ewir von der inhaltlichen Notwendigkeit allemal \u00fcberzeugt sind\u201c, sagte Sch\u00e4fer w\u00f6rtlich. Das Jugend- und Familienzentrum ist als Ort des Zusammenwachsens und der Begegnung geplant, der im Rahmen von \u201eHueD &#8211; Hilfen unter einem Dach\u201c 12 station\u00e4re, 6 teilstation\u00e4re und 24 ambulante Pl\u00e4tze anbietet. Hans-J\u00fcrgen Sch\u00e4fer stellte heraus, dass der Leiter der Vogelsberger Lebensr\u00e4ume, Harry Bernardis, als einer der V\u00e4ter des Konzeptes, als gro\u00dfer Ideengeber und zweifelsohne als \u201eMotor f\u00fcr die Umsetzung\u201c gelte. Neben der Hilfe f\u00fcr Familien, Eltern, Jugendliche und Kinder stelle die Eichhof-Stiftung mit dem ohne \u00f6ffentliche Zusch\u00fcsse realisierten Projekt auch ihre Bedeutung als Arbeitgeber heraus. 11 neue Mitarbeiter in Voll- und Teilzeit werden zus\u00e4tzlich f\u00fcr das neue Jugend- und Familienzentrum eingestellt. \u201eWir als Vorstand sehen das Vorhaben als weiteren Meilenstein in der Entwicklung unserer Einrichtungen mit dem Krankenhaus Eichhof, Seniorenzentrum Schlitzerland, Sozialstation Eichhof und den Vogelsberger Lebensr\u00e4umen an\u201c, betonte der Vorstandsvorsitzende.<\/p>\n<p>Der Erste Kreisbeigeordnete des Kreisausschusses des Vogelsbergkreises Dr. Jens Mischak verwies auf die langj\u00e4hrige, enge und intensive Zusammenarbeit der Vogelsberger Lebensr\u00e4ume mit dem Jugendamt des Kreises. \u201eErziehungsberatung und Erweiterung der Sozialr\u00e4umlichkeiten haben einen hohen Stellenwert in unserer Gesellschaft. Wir freuen uns sehr \u00fcber die mutige Entscheidung der Eichhof-Stiftung Lauterbach, dieses Projekt anzupacken und umzusetzen\u201c, dankte Dr. Mischak dem Tr\u00e4ger. Er sehe das neue Jugend- und Familienzentrum als Leuchtturm und wegweisendes Konzept f\u00fcr die gesamte Region, insbesondere vor dem Hintergrund der Einbeziehung der \u201eAG78\u201c.<\/p>\n<p>Seit dem Jahr 2000 gebe es diese Arbeitsgemeinschaft nach \u00c2\u00a7 78 SGB VIII, die sich zusammensetzt aus Vertretern des Jugendamtes und allen regional t\u00e4tig freien Tr\u00e4gern der Jugendhilfe. Die Arbeitsgemeinschaft verfolge das Ziel, den politischen Gremien zuzuarbeiten, die dann auf Grundlage von erarbeiteten Konzepten notwendige Entscheidungen f\u00fcr die Weiterentwicklung der Jugendhilfe treffen k\u00f6nnen.<\/p>\n<p>Der 1. Stadtrat der Stadt Lauterbach Lothar Pietsch \u00fcberbrachte den Dank der st\u00e4dtischen Gremien f\u00fcr die Entscheidung, den Standort \u201eAlte G\u00e4rtnerei\u201c f\u00fcr ein so vielversprechendes Konzept zu nutzen. Er gab einen Einblick in die Historie der ehemaligen Stadtg\u00e4rtnerei und ist sich sicher, dass auf dem Gel\u00e4nde, einem traditionsreichen Ort der Hege und Pflege, auch zuk\u00fcnftig Menschen und Pflanzen wachsen und gedeihen werden. Das freut uns ganz besonders, bekr\u00e4ftigte er die Sichtweise der st\u00e4dtischen Gremien.<\/p>\n<p>Im Beisein des stellvertretenden Leiters der Vogelsberger Lebensr\u00e4ume Roland Bamberger der den Spatenstich durchf\u00fchrte, stellten Julia Drews, Leitung der Abteilung Jugendhilfe, und ihr Stellvertreter Tobias R\u00fcbbert die inhaltliche Konzeption des Jugend- und Familienzentrums \u201eAlte G\u00e4rtnerei\u201c vor. Dabei unterstrichen die beiden Diplom-Sozialarbeiter auch die enge Vernetzung, den Austausch und die Abstimmung mit anderen Jugendhilfeeinrichtungen im Vogelsbergkreis. Die Zusammenarbeit mit \u00fcbergreifenden Angeboten in der Sozialraumorientierung sei kein Wettbewerb, sondern ein Miteinander zum Wohle von Kindern, Jugendlichen und Familien, so die beiden P\u00e4dagogen. R\u00fcbbert erl\u00e4uterte die Idee des Nachbarschaftscaf\u00e9 f\u00fcr Bewohner, Besucher, G\u00e4ste und vor allem auch Nachbarn und hob die bereits bestehende Zusammenarbeit einer Arbeitsgruppe, die w\u00f6chentliche Nachbarschaftssprechstunde mittwochs von 16:00 &#8211; 17.00 Uhr im Funktionsgeb\u00e4ude der alten G\u00e4rtnerei sowie den engen Austausch mit den Anwohnern hervor.<br \/>\nArchitekt Dominique Tzschoppe hielt die Schlussworte, in denen er die architektonische Konzeption erl\u00e4uterte und noch einmal darauf hinwies, dass \u201ees eine sportliche Leistung sein wird, am 1. November zu er\u00f6ffnen und er froh sei, dass er mit dem bauausf\u00fchrenden Unternehmen an anderer Stelle schon die besten Erfahrungen gemacht habe\u201c, so der Architekt aus Frankfurt, der erfolgreich in \u00e4hnlichen Projekten t\u00e4tig ist.<\/p>\n","protected":false},"excerpt":{"rendered":"<div class=\"tmnf_excerpt\"><p>Der Vorstand der Eichhof-Stiftung Lauterbach, Vertreter der Vogelsberger Lebensr\u00e4ume, Bauausf\u00fchrende sowie Vertreter der Stadt Lauterbach und des Kreisausschusses des Vogelsbergkreises hatten sich auf dem Areal der ehemaligen \u201eAlten G\u00e4rtnerei\u201c an der Wascherde in Lauterbach eingefunden, um den Spatenstich f\u00fcr ein ehrgeiziges Projekt durchzuf\u00fchren. Bereits am 1. November soll das neue inklusive Jugend- und Familienzentrum der &hellip;<\/p>\n<\/div>","protected":false},"author":1,"featured_media":174193,"comment_status":"closed","ping_status":"closed","sticky":false,"template":"","format":"standard","meta":{"footnotes":""},"categories":[1],"tags":[],"class_list":["post-174192","post","type-post","status-publish","format-standard","has-post-thumbnail","hentry","category-startseite"],"_links":{"self":[{"href":"https:\/\/www.fuldaernachrichten.de\/index.php?rest_route=\/wp\/v2\/posts\/174192","targetHints":{"allow":["GET"]}}],"collection":[{"href":"https:\/\/www.fuldaernachrichten.de\/index.php?rest_route=\/wp\/v2\/posts"}],"about":[{"href":"https:\/\/www.fuldaernachrichten.de\/index.php?rest_route=\/wp\/v2\/types\/post"}],"author":[{"embeddable":true,"href":"https:\/\/www.fuldaernachrichten.de\/index.php?rest_route=\/wp\/v2\/users\/1"}],"replies":[{"embeddable":true,"href":"https:\/\/www.fuldaernachrichten.de\/index.php?rest_route=%2Fwp%2Fv2%2Fcomments&post=174192"}],"version-history":[{"count":1,"href":"https:\/\/www.fuldaernachrichten.de\/index.php?rest_route=\/wp\/v2\/posts\/174192\/revisions"}],"predecessor-version":[{"id":174194,"href":"https:\/\/www.fuldaernachrichten.de\/index.php?rest_route=\/wp\/v2\/posts\/174192\/revisions\/174194"}],"wp:featuredmedia":[{"embeddable":true,"href":"https:\/\/www.fuldaernachrichten.de\/index.php?rest_route=\/wp\/v2\/media\/174193"}],"wp:attachment":[{"href":"https:\/\/www.fuldaernachrichten.de\/index.php?rest_route=%2Fwp%2Fv2%2Fmedia&parent=174192"}],"wp:term":[{"taxonomy":"category","embeddable":true,"href":"https:\/\/www.fuldaernachrichten.de\/index.php?rest_route=%2Fwp%2Fv2%2Fcategories&post=174192"},{"taxonomy":"post_tag","embeddable":true,"href":"https:\/\/www.fuldaernachrichten.de\/index.php?rest_route=%2Fwp%2Fv2%2Ftags&post=174192"}],"curies":[{"name":"wp","href":"https:\/\/api.w.org\/{rel}","templated":true}]}}