{"id":174183,"date":"2018-05-23T18:33:03","date_gmt":"2018-05-23T16:33:03","guid":{"rendered":"http:\/\/www.fuldaer-nachrichten.de\/?p=174183"},"modified":"2018-05-23T18:33:03","modified_gmt":"2018-05-23T16:33:03","slug":"wandertag-mit-sommerfest-der-freiwilligen-feuerwehr-wuestensachsen","status":"publish","type":"post","link":"https:\/\/www.fuldaernachrichten.de\/?p=174183","title":{"rendered":"Wandertag mit Sommerfest der Freiwilligen Feuerwehr W\u00fcstensachsen"},"content":{"rendered":"<p>Am Donnerstag den 31. Mai 2018 (Fronleichnam) veranstaltet die Freiwillige Feuerwehr W\u00fcstensachsen den schon fast traditionellen Wandertag mit Sommerfest.<br \/>\nLos geht es um 13.30 Uhr am Feuerwehrhaus zur kleinen Wanderung um W\u00fcstensachsen. Bei einem Zwischenstopp mit Getr\u00e4nkerast kann der erste Durst gel\u00f6scht werden. Dann geht es weiter zum Feuerwehrhaus. Hier k\u00f6nnen die Fahrzeuge der Feuerwehr besichtigt werden. Ab 15.00 Uhr gibt es Kaffee und Kuchen im Schulungsraum der Feuerwehr und ab ca. 16.00 Uhr werden langj\u00e4hrige Vereinsmitglieder geehrt. Wer es lieber etwas herzhafter mag, f\u00fcr dien gibt es leckere Grillspezialit\u00e4ten wie Grillbauchscheiben und Schweinekammsteaks sowie Th\u00fcringer Bratw\u00fcrstchen. Nat\u00fcrlich gibt es auch gek\u00fchlte Getr\u00e4nke. Alle G\u00e4ste aus nah und Fern sowie alle Mitglieder der Feuerwehr sowie Freunde und G\u00f6nner sind herzlich eingeladen.<\/p>\n","protected":false},"excerpt":{"rendered":"<div class=\"tmnf_excerpt\"><p>Am Donnerstag den 31. Mai 2018 (Fronleichnam) veranstaltet die Freiwillige Feuerwehr W\u00fcstensachsen den schon fast traditionellen Wandertag mit Sommerfest. Los geht es um 13.30 Uhr am Feuerwehrhaus zur kleinen Wanderung um W\u00fcstensachsen. Bei einem Zwischenstopp mit Getr\u00e4nkerast kann der erste Durst gel\u00f6scht werden. Dann geht es weiter zum Feuerwehrhaus. Hier k\u00f6nnen die Fahrzeuge der Feuerwehr &hellip;<\/p>\n<\/div>","protected":false},"author":1,"featured_media":0,"comment_status":"closed","ping_status":"closed","sticky":false,"template":"","format":"standard","meta":{"footnotes":""},"categories":[1],"tags":[],"class_list":["post-174183","post","type-post","status-publish","format-standard","hentry","category-startseite"],"_links":{"self":[{"href":"https:\/\/www.fuldaernachrichten.de\/index.php?rest_route=\/wp\/v2\/posts\/174183","targetHints":{"allow":["GET"]}}],"collection":[{"href":"https:\/\/www.fuldaernachrichten.de\/index.php?rest_route=\/wp\/v2\/posts"}],"about":[{"href":"https:\/\/www.fuldaernachrichten.de\/index.php?rest_route=\/wp\/v2\/types\/post"}],"author":[{"embeddable":true,"href":"https:\/\/www.fuldaernachrichten.de\/index.php?rest_route=\/wp\/v2\/users\/1"}],"replies":[{"embeddable":true,"href":"https:\/\/www.fuldaernachrichten.de\/index.php?rest_route=%2Fwp%2Fv2%2Fcomments&post=174183"}],"version-history":[{"count":1,"href":"https:\/\/www.fuldaernachrichten.de\/index.php?rest_route=\/wp\/v2\/posts\/174183\/revisions"}],"predecessor-version":[{"id":174184,"href":"https:\/\/www.fuldaernachrichten.de\/index.php?rest_route=\/wp\/v2\/posts\/174183\/revisions\/174184"}],"wp:attachment":[{"href":"https:\/\/www.fuldaernachrichten.de\/index.php?rest_route=%2Fwp%2Fv2%2Fmedia&parent=174183"}],"wp:term":[{"taxonomy":"category","embeddable":true,"href":"https:\/\/www.fuldaernachrichten.de\/index.php?rest_route=%2Fwp%2Fv2%2Fcategories&post=174183"},{"taxonomy":"post_tag","embeddable":true,"href":"https:\/\/www.fuldaernachrichten.de\/index.php?rest_route=%2Fwp%2Fv2%2Ftags&post=174183"}],"curies":[{"name":"wp","href":"https:\/\/api.w.org\/{rel}","templated":true}]}}