{"id":174161,"date":"2018-05-22T16:26:08","date_gmt":"2018-05-22T14:26:08","guid":{"rendered":"http:\/\/www.fuldaer-nachrichten.de\/?p=174161"},"modified":"2018-05-22T16:26:08","modified_gmt":"2018-05-22T14:26:08","slug":"sonntagsmatinee-im-klinikum-fulda-leckeres-fruehstueck-und-ein-chorkonzert-der-staedtischen-musikschule","status":"publish","type":"post","link":"https:\/\/www.fuldaernachrichten.de\/?p=174161","title":{"rendered":"Sonntagsmatinee im Klinikum Fulda &#8211; Leckeres Fr\u00fchst\u00fcck und ein Chorkonzert der St\u00e4dtischen Musikschule"},"content":{"rendered":"<p>&nbsp;<\/p>\n<p>Unter dem Motto \u201eLieder, die wir lieben, bzw. Lieder von der Freude und dem Leiden der Liebe\u201c, laden das Klinikum Fulda, die B\u00e4ckerei Happ und der Chor der St\u00e4dtischen Musikschule \u201ecapannello vocale\u201c unter der Leitung von Stephen Berg alle Musikbegeisterten zu einer Sonntagsmatinee am Sonntag, 27. Mai 2018, um 10.00h in die Eingangshalle des Klinikums ein.<br \/>\nDer Chor der Musikschule Fulda besteht bereits seit 1980. In vielen Konzertprogrammen und Open-Air-Auftritten hat er \u00c2\u00a0eigene Professionalit\u00e4t, Spontanit\u00e4t sowie unabdingbare Freude am Musizieren bewiesen. Zusammen mit Stephen Berg, der seit der Gr\u00fcndung den Chor leitet, haben die Teilnehmer mehr als 200 verschiedene Werke einge\u00fcbt. Zahlreiche Chormitglieder sind ebenfalls seit dem ersten Tag dabei und arbeiten bereits an den k\u00fcnftigen Projekten.<br \/>\nIn diesem Programm werden Lieder aus vielen L\u00e4ndern und Zeiten gesungen, die \u00fcber die verschiedenen Facetten der Liebe &#8211; vom ersten Verliebtsein, \u00fcber die Alltagsschwierigkeiten, von Stress und Krach, beziehungsweise bis zu dem Ende einer Beziehung, erz\u00e4hlen. Der Eintritt ist frei.<\/p>\n","protected":false},"excerpt":{"rendered":"<div class=\"tmnf_excerpt\"><p>&nbsp; Unter dem Motto \u201eLieder, die wir lieben, bzw. Lieder von der Freude und dem Leiden der Liebe\u201c, laden das Klinikum Fulda, die B\u00e4ckerei Happ und der Chor der St\u00e4dtischen Musikschule \u201ecapannello vocale\u201c unter der Leitung von Stephen Berg alle Musikbegeisterten zu einer Sonntagsmatinee am Sonntag, 27. Mai 2018, um 10.00h in die Eingangshalle des &hellip;<\/p>\n<\/div>","protected":false},"author":1,"featured_media":0,"comment_status":"closed","ping_status":"closed","sticky":false,"template":"","format":"standard","meta":{"footnotes":""},"categories":[1],"tags":[],"class_list":["post-174161","post","type-post","status-publish","format-standard","hentry","category-startseite"],"_links":{"self":[{"href":"https:\/\/www.fuldaernachrichten.de\/index.php?rest_route=\/wp\/v2\/posts\/174161","targetHints":{"allow":["GET"]}}],"collection":[{"href":"https:\/\/www.fuldaernachrichten.de\/index.php?rest_route=\/wp\/v2\/posts"}],"about":[{"href":"https:\/\/www.fuldaernachrichten.de\/index.php?rest_route=\/wp\/v2\/types\/post"}],"author":[{"embeddable":true,"href":"https:\/\/www.fuldaernachrichten.de\/index.php?rest_route=\/wp\/v2\/users\/1"}],"replies":[{"embeddable":true,"href":"https:\/\/www.fuldaernachrichten.de\/index.php?rest_route=%2Fwp%2Fv2%2Fcomments&post=174161"}],"version-history":[{"count":1,"href":"https:\/\/www.fuldaernachrichten.de\/index.php?rest_route=\/wp\/v2\/posts\/174161\/revisions"}],"predecessor-version":[{"id":174162,"href":"https:\/\/www.fuldaernachrichten.de\/index.php?rest_route=\/wp\/v2\/posts\/174161\/revisions\/174162"}],"wp:attachment":[{"href":"https:\/\/www.fuldaernachrichten.de\/index.php?rest_route=%2Fwp%2Fv2%2Fmedia&parent=174161"}],"wp:term":[{"taxonomy":"category","embeddable":true,"href":"https:\/\/www.fuldaernachrichten.de\/index.php?rest_route=%2Fwp%2Fv2%2Fcategories&post=174161"},{"taxonomy":"post_tag","embeddable":true,"href":"https:\/\/www.fuldaernachrichten.de\/index.php?rest_route=%2Fwp%2Fv2%2Ftags&post=174161"}],"curies":[{"name":"wp","href":"https:\/\/api.w.org\/{rel}","templated":true}]}}