{"id":174146,"date":"2018-05-22T16:20:52","date_gmt":"2018-05-22T14:20:52","guid":{"rendered":"http:\/\/www.fuldaer-nachrichten.de\/?p=174146"},"modified":"2018-05-22T16:20:52","modified_gmt":"2018-05-22T14:20:52","slug":"lilien-machten-lust-aufs-fuerstliche-gartenfest-das-fuerstliche-gartenfest-schloss-fasanerie-2018-sonderthema-lust-auf-lilien","status":"publish","type":"post","link":"https:\/\/www.fuldaernachrichten.de\/?p=174146","title":{"rendered":"Lilien machten Lust aufs F\u00fcrstliche Gartenfest Das F\u00fcrstliche Gartenfest Schloss Fasanerie 2018  Sonderthema: \u201eLust auf Lilien\u201c"},"content":{"rendered":"<p>Das 19. F\u00fcrstliche Gartenfest Schloss Fasanerie, das ganz im Zei-<br \/>\nchen des Sonderthemas \u201eLust auf Lilien\u201c stand, ging am heutigen Abend erfolg-<br \/>\nreich zu Ende. W\u00e4hrend der Freitag die Besucher noch mit k\u00fchlem G\u00e4rtnerwetter<br \/>\nempfing, stieg zum Wochenende die Temperatur auf sommerliche Werte. Bei die-<br \/>\nsen Top-Bedingungen genossen in diesem Jahr 26.800 Besucher das F\u00fcrstliche Gartenfest in Eichenzell bei Fulda.<\/p>\n<p>Gleich am Er\u00f6ffnungstag hatte Floria Landgr\u00e4fin von Hessen, Schirmherrin des F\u00fcrstlichen Gartenfestes, eine auch f\u00fcr sie nicht allt\u00e4gliche Aufgabe: eine Taglilientaufe. Mit Sekt aus dem hauseigenen Weingut Prinz von Hessen wurde die Hemerocallis auf den Namen \u201eLandgr\u00e4fin Floria\u201c getauft. Die Z\u00fcchtung des Lilien-Experten Stefan Strasser ist gro\u00dfbl\u00fctig, sehr angenehm duftend und lang bl\u00fchend. Sie sei zudem<br \/>\n\u201egartenw\u00fcrdig, gesund und robust\u201c, so der Erlanger Z\u00fcchter. Und auch Floria Landgr\u00e4fin von Hessen war begeistert: \u201eEs ist ein ausgesprochen sch\u00f6nes Exemplar. Besonders gef\u00e4llt mir, dass sie knallorange ist.\u201c<\/p>\n<p>Am Stand von Stefan Strasser gab es w\u00e4hrend der vier Veranstaltungstage viel zu entdecken: Der Experte \u00fcberraschte alle \u201eLiliennamenstr\u00e4ger\u201c mit einem Geschenk. \u201eEs waren sowohl Kinder als auch betagte Damen am Stand, um sich eine Lilie abzuholen\u201c, sagte Strasser mit einem zufriedenen L\u00e4cheln. Daneben bot er besondere Sch\u00e4tze aus seiner Lilien-Arche und Einpflanzaktionen f\u00fcr Kinder an. Lilien-Interessierte konnten zudem w\u00e4hrend des F\u00fcrstlichen Gartenfestes drei Vortr\u00e4gen des Experten lauschen.<\/p>\n<p>Das Vortragsprogramm des F\u00fcrstlichen Gartenfestes ist f\u00fcr seine inhaltliche Vielfalt und Tiefe bekannt. Dabei lassen sich immer wieder auch \u201eGartenpromis\u201c blicken. So waren in diesem Jahr u. a. Peter Janke, Helga Urban und Petra Pelz zu Gast. In einem Rundgang durch seinen Balance-Garten im Obstgarten von Schloss Fasanerie erkl\u00e4rte Peter Janke seine Intention und vielschichtige Pflanzenauswahl. Dabei zeigte der international renommierte Gartendesigner auch die \u00dcbertragbarkeit seiner Pflanzenkombinationen und Gestaltungsans\u00e4tze auf den privaten Garten und erl\u00e4uterte seine teils ungew\u00f6hnlichen Pflegekonzep-te. Eine der bekanntesten deutschen Landschaftsarchitektinnen gab den Gartenfest-Besuchern ebenfalls praktische Tipps f\u00fcr den eigenen Garten. Unter dem Titel \u201eSchritt f\u00fcr Schritt zum ganzj\u00e4hrig bl\u00fchenden Beet\u201c erkl\u00e4rte Petra Pelz, mit welchen Pflanzen sich ein l\u00fcckenloser Bl\u00fctenreigen ins Beet zaubern l\u00e4sst und wie man selbst kreativ werden kann. Helga Urban \u2013 viele kennen ihre Gartenb\u00fccher und \u00dcbersetzun-gen englischsprachiger Rosenb\u00fccher \u2013 nahm die Gartenfest-Besucher mit auf eine Reise zu \u201ebezaubern-den D\u00fcften im Garten\u201c. In ihrem Vortrag f\u00fchrte sie durch die Vielfalt an Duftvarianten, die ein Garten bieten kann und gab gleichzeitig Anregungen zur Auswahl von \u201ePflanzen mit Parf\u00fcm\u201c.<\/p>\n<p>Ein Highlight stellt in jedem Jahr der Schaugarten des landschaftsg\u00e4rtnerischen Nachwuchswettbewerbs im Rahmen des F\u00fcrstlichen Gartenfestes dar. In diesem Jahr hatte er eine politische Botschaft: Marcel Tr\u00f6gers \u201elilien.acker!\u201c zeigte auf 300 qm Fl\u00e4che mitten im Hofgarten des Barockschlosses, wie der Blu-menanbau die Landschaft pr\u00e4gt. Mit seinem Schaugarten wies der Masterstudent der TU Berlin auf die z. T. problematischen Produktionsbedingungen im Blumenanbau hin und \u00fcberzeugte nicht nur die Wettbewerbs-Jury und die Abonnenten der Fachzeitschrift \u201eGartenpraxis\u201c, sondern auch viele Gartenfest-<br \/>\nBesucher. \u201eDie zahlreichen Gespr\u00e4che mit den Besuchern haben gezeigt, dass die Menschen beginnen, \u00fcber die Produktionsbedingungen von Blumen nachzudenken. Das hat mich positiv \u00fcberrascht\u201c, so der<br \/>\nGewinner, der t\u00e4glich Rundg\u00e4nge durch seinen Schaugarten anbot.<\/p>\n<p>Dar\u00fcber hinaus schm\u00fcckte ein weiteres au\u00dfergew\u00f6hnliches Beet in diesem Jahr das Gel\u00e4nde des F\u00fcrstli-<br \/>\nchen Gartenfestes: 33 \u00fcberdimensionale Blumen boten auf den Koppeln von Schloss Fasanerie ein fr\u00f6h-<br \/>\nlich-buntes Bild. Dort wurden die Arbeiten von elf Schulen des Landkreises Fulda pr\u00e4sentiert, die im Rah-men des Schulwettbewerbs des F\u00fcrstlichen Gartenfestes entstanden waren. Gleich am ersten Gartenfest-<br \/>\nTag begutachtete die Jury \u2013 Dr. Yvonne Petrina, Leiterin der Kinder-Akademie Fulda, Rainer Funk von der<br \/>\nSpielwiese Fulda und Gabriele Link von Blumen Link \u2013 die Arbeiten. Im Anschluss an das F\u00fcrstliche Garten-fest findet im Juni auf Schloss Fasanerie die Preisverleihung statt. Dort erhalten die drei besten Arbeiten<br \/>\nGeldpreise sowie eine exklusive M\u00e4rchen- oder Gespensterf\u00fchrung durch Schloss Fasanerie. Au\u00dferdem<br \/>\nerh\u00e4lt jede teilnehmende Klasse eine Urkunde, die Floria Landgr\u00e4fin von Hessen unterzeichnet.<\/p>\n<p>Insgesamt waren in diesem Jahr wieder 170 nationale und internationale Aussteller auf dem F\u00fcrstlichen<br \/>\nGartenfest zu Gast. Dreizehn von ihnen erhielten auch in diesem Jahr Preise als Auszeichnung \u2013 in den Kategorien Botanik, \u00c4sthetik, Produkt und Presse. Dar\u00fcber hinaus vergab Donatus Landgraf von Hessen<br \/>\nwieder den begehrten \u201eLandgraf-von-Hessen-Preis\u201c an einen besonderen Botanik-Aussteller: Georg Lein-<br \/>\nweber von den gleichnamigen Baumschulen und Staudenkulturen in Niederkalbach \u00fcberzeugte mit sei-nem Gro\u00dfstrauch \u201eChionanthus virginicus\u201c. Donatus Landgraf von Hessen war insbesondere von den au-<br \/>\n\u00dfergew\u00f6hnlichen Bl\u00fcten begeistert \u2013 zart, wei\u00df und fransenartig. Eine \u00dcbersicht zu allen Pr\u00e4mierten ist<br \/>\nonline unter www.gartenfest.de\/ausgezeichnete-aussteller\/ zu finden.<\/p>\n<p>Anja Heil, Organisationsleiterin des F\u00fcrstlichen Gartenfestes, freut sich \u00fcber das Engagement der Ausstel-<br \/>\nler: \u201eIch bin begeistert, wie vielf\u00e4ltig die Aussteller das Sonderthema umgesetzt haben. An zahlreichen Stellen auf dem Gartenfest-Gel\u00e4nde wurde die \u00e2\u20ac\u0161Lust auf Lilien\u00e2\u20ac\u02dc sichtbar. Insbesondere f\u00fcr die g\u00e4rtneri-<br \/>\nschen Aussteller war das Thema perfekt.\u201c Auch insgesamt ist die Organisationsleiterin \u00e4u\u00dferst zufrieden<br \/>\nmit der diesj\u00e4hrigen Veranstaltung, die 26.800 Besucher z\u00e4hlte: \u201eDas Wetter hat mitgespielt, die Stim-mung auf dem Gel\u00e4nde war \u00e4u\u00dferst gut und so konnten wir in viele gl\u00fcckliche Gesichter schauen.\u201c<\/p>\n<p>Im kommenden Jahr findet das F\u00fcrstliche Gartenfest vom 16. bis 19. Mai statt \u2013 ausnahmsweise nicht \u00fcber einen Feiertag. Es feiert dann 20-j\u00e4hriges Jubil\u00e4um, und dem Anlass entsprechend geht es um das<br \/>\nGartenland schlechthin \u2013 England. Im Herbst stehen rund um Schloss Fasanerie zudem wieder echte Dinge<br \/>\nim Mittelpunkt, denn vom 5. bis 7. Oktober 2018 geht FEINWERK in die zweite Runde und bietet den Be-suchern junges Design und au\u00dfergew\u00f6hnliches Handwerk.<\/p>\n","protected":false},"excerpt":{"rendered":"<div class=\"tmnf_excerpt\"><p>Das 19. F\u00fcrstliche Gartenfest Schloss Fasanerie, das ganz im Zei- chen des Sonderthemas \u201eLust auf Lilien\u201c stand, ging am heutigen Abend erfolg- reich zu Ende. W\u00e4hrend der Freitag die Besucher noch mit k\u00fchlem G\u00e4rtnerwetter empfing, stieg zum Wochenende die Temperatur auf sommerliche Werte. Bei die- sen Top-Bedingungen genossen in diesem Jahr 26.800 Besucher das F\u00fcrstliche &hellip;<\/p>\n<\/div>","protected":false},"author":1,"featured_media":0,"comment_status":"closed","ping_status":"closed","sticky":false,"template":"","format":"standard","meta":{"footnotes":""},"categories":[1],"tags":[],"class_list":["post-174146","post","type-post","status-publish","format-standard","hentry","category-startseite"],"_links":{"self":[{"href":"https:\/\/www.fuldaernachrichten.de\/index.php?rest_route=\/wp\/v2\/posts\/174146","targetHints":{"allow":["GET"]}}],"collection":[{"href":"https:\/\/www.fuldaernachrichten.de\/index.php?rest_route=\/wp\/v2\/posts"}],"about":[{"href":"https:\/\/www.fuldaernachrichten.de\/index.php?rest_route=\/wp\/v2\/types\/post"}],"author":[{"embeddable":true,"href":"https:\/\/www.fuldaernachrichten.de\/index.php?rest_route=\/wp\/v2\/users\/1"}],"replies":[{"embeddable":true,"href":"https:\/\/www.fuldaernachrichten.de\/index.php?rest_route=%2Fwp%2Fv2%2Fcomments&post=174146"}],"version-history":[{"count":1,"href":"https:\/\/www.fuldaernachrichten.de\/index.php?rest_route=\/wp\/v2\/posts\/174146\/revisions"}],"predecessor-version":[{"id":174147,"href":"https:\/\/www.fuldaernachrichten.de\/index.php?rest_route=\/wp\/v2\/posts\/174146\/revisions\/174147"}],"wp:attachment":[{"href":"https:\/\/www.fuldaernachrichten.de\/index.php?rest_route=%2Fwp%2Fv2%2Fmedia&parent=174146"}],"wp:term":[{"taxonomy":"category","embeddable":true,"href":"https:\/\/www.fuldaernachrichten.de\/index.php?rest_route=%2Fwp%2Fv2%2Fcategories&post=174146"},{"taxonomy":"post_tag","embeddable":true,"href":"https:\/\/www.fuldaernachrichten.de\/index.php?rest_route=%2Fwp%2Fv2%2Ftags&post=174146"}],"curies":[{"name":"wp","href":"https:\/\/api.w.org\/{rel}","templated":true}]}}