{"id":174130,"date":"2018-05-19T10:08:16","date_gmt":"2018-05-19T08:08:16","guid":{"rendered":"http:\/\/www.fuldaer-nachrichten.de\/?p=174130"},"modified":"2018-05-19T10:08:16","modified_gmt":"2018-05-19T08:08:16","slug":"biologische-exkursion-zum-haimberg-volkshochschule-der-stadt-laedt-ein-wildbienen-und-schnecken-im-blickpunkt","status":"publish","type":"post","link":"https:\/\/www.fuldaernachrichten.de\/?p=174130","title":{"rendered":"Biologische Exkursion zum Haimberg &#8211; Volkshochschule der Stadt l\u00e4dt ein \/ Wildbienen und Schnecken im Blickpunkt"},"content":{"rendered":"<p>Im Rahmen ihrer Reihe zu naturkundlichen und arch\u00e4ologischen Aspekten des Haimbergs l\u00e4dt die Volkshochschule der Stadt Fulda am Mittwoch, 23. Mai, zu einer Exkursion ein.<\/p>\n<p>Der Haimberg bei Fulda bietet neben einer interessanten Vor- und Fr\u00fchgeschichte auch zahlreichen,selten gewordenen Tier- und Pflanzenarten Lebensraum. Der nach S\u00fcden ausgerichtete Trockenhang birgt eine w\u00e4rmeliebende Wildbienen- und Schneckenfauna, die mit zum Teil extremen Umweltbedingungen zurechtkommen muss. Wer hierzu mehr erfahren m\u00f6chte, kann der Exkursion der St\u00e4dtischen Volkshochschule anschlie\u00dfen, die um 18 Uhr startet und etwa eineinhalb Stunden dauert. Treffpunkt ist an der Kirche in Haimbach. Es f\u00fchren Karl-Heinz Schmalz und Dr. Udo Lange.<\/p>\n","protected":false},"excerpt":{"rendered":"<div class=\"tmnf_excerpt\"><p>Im Rahmen ihrer Reihe zu naturkundlichen und arch\u00e4ologischen Aspekten des Haimbergs l\u00e4dt die Volkshochschule der Stadt Fulda am Mittwoch, 23. Mai, zu einer Exkursion ein. Der Haimberg bei Fulda bietet neben einer interessanten Vor- und Fr\u00fchgeschichte auch zahlreichen,selten gewordenen Tier- und Pflanzenarten Lebensraum. Der nach S\u00fcden ausgerichtete Trockenhang birgt eine w\u00e4rmeliebende Wildbienen- und Schneckenfauna, die &hellip;<\/p>\n<\/div>","protected":false},"author":1,"featured_media":0,"comment_status":"closed","ping_status":"closed","sticky":false,"template":"","format":"standard","meta":{"footnotes":""},"categories":[1],"tags":[],"class_list":["post-174130","post","type-post","status-publish","format-standard","hentry","category-startseite"],"_links":{"self":[{"href":"https:\/\/www.fuldaernachrichten.de\/index.php?rest_route=\/wp\/v2\/posts\/174130","targetHints":{"allow":["GET"]}}],"collection":[{"href":"https:\/\/www.fuldaernachrichten.de\/index.php?rest_route=\/wp\/v2\/posts"}],"about":[{"href":"https:\/\/www.fuldaernachrichten.de\/index.php?rest_route=\/wp\/v2\/types\/post"}],"author":[{"embeddable":true,"href":"https:\/\/www.fuldaernachrichten.de\/index.php?rest_route=\/wp\/v2\/users\/1"}],"replies":[{"embeddable":true,"href":"https:\/\/www.fuldaernachrichten.de\/index.php?rest_route=%2Fwp%2Fv2%2Fcomments&post=174130"}],"version-history":[{"count":1,"href":"https:\/\/www.fuldaernachrichten.de\/index.php?rest_route=\/wp\/v2\/posts\/174130\/revisions"}],"predecessor-version":[{"id":174131,"href":"https:\/\/www.fuldaernachrichten.de\/index.php?rest_route=\/wp\/v2\/posts\/174130\/revisions\/174131"}],"wp:attachment":[{"href":"https:\/\/www.fuldaernachrichten.de\/index.php?rest_route=%2Fwp%2Fv2%2Fmedia&parent=174130"}],"wp:term":[{"taxonomy":"category","embeddable":true,"href":"https:\/\/www.fuldaernachrichten.de\/index.php?rest_route=%2Fwp%2Fv2%2Fcategories&post=174130"},{"taxonomy":"post_tag","embeddable":true,"href":"https:\/\/www.fuldaernachrichten.de\/index.php?rest_route=%2Fwp%2Fv2%2Ftags&post=174130"}],"curies":[{"name":"wp","href":"https:\/\/api.w.org\/{rel}","templated":true}]}}