{"id":174127,"date":"2018-05-19T10:07:21","date_gmt":"2018-05-19T08:07:21","guid":{"rendered":"http:\/\/www.fuldaer-nachrichten.de\/?p=174127"},"modified":"2018-05-19T10:07:21","modified_gmt":"2018-05-19T08:07:21","slug":"grossevent-auf-dem-fuldaer-uniplatz-jugendliche-erhalten-infos-zu-ausbildung-in-hotellerie-und-gastronomie","status":"publish","type":"post","link":"https:\/\/www.fuldaernachrichten.de\/?p=174127","title":{"rendered":"Gro\u00dfevent auf dem Fuldaer Uniplatz &#8211; Jugendliche erhalten Infos zu Ausbildung in Hotellerie und Gastronomie\u00c2\u00a0"},"content":{"rendered":"<p>Unter dem Motto &#8220;Azubis kochen f\u00fcr Jugendliche&#8221; haben die Mitglieder des Rh\u00f6ner Charme eine weitere Gro\u00dfveranstaltung in ihrem Jubil\u00e4umsjahr umgesetzt. Anl\u00e4sslich ihres 25-j\u00e4hrigen Bestehens wurde ein umfangreiches Jahresprogramm 2018 zusammengestellt: Nach der gro\u00dfen Geburtstagsfeier in Hilders folgte jetzt eine weitere Veranstaltung f\u00fcr Jugendliche. Vor dem Hintergrund der fehlenden Fachkr\u00e4fte, insbesondere in Gastronomie und Hotellerie, hat der Rh\u00f6ner Charme zahlreiche Mitstreiter gefunden, die gemeinsam am letzten Schultag vor Pfingsten auf die vielf\u00e4ltigen und abwechslungsreichen Berufsbilder dieser Branche aufmerksam machen. &#8220;Wir haben insbesondere darauf geachtet, dass Auszubildende aus unseren Betrieben bei diesem Event &#8216;an der K\u00fcchen-Front&#8217; stehen, denn auf Augenh\u00f6he l\u00e4sst es sich doch einfacher sprechen.&#8221; Der Vorsitzende des Rh\u00f6ner Charme, Dieter Kehl, hat daher insbesondere Kollegen gewinnen k\u00f6nnen, die ihre Azubis f\u00fcr diesen Tag aus dem Betrieb freistellen und den Sch\u00fclerinnen und Sch\u00fclern Kostproben ihres K\u00f6nnens \u00c2\u00a0&#8211; insgesamt waren rund 1000 Portionen vorbereitet worden &#8211; kredenzen und dar\u00fcber ins Gespr\u00e4ch kommen. Pers\u00f6nlich eingeladen waren alle Schulen der Stadt und im Landkreis, insbesondere die Klassen 7 &#8211; 9, die sich in K\u00fcrze f\u00fcr ihren weiteren schulischen oder beruflichen Werdegang entscheiden m\u00fcssen. Rund 400 Jugendliche waren der Einladung gefolgt. &#8220;Eine Veranstaltung dieser Gr\u00f6\u00dfenordnung auf die Beine zu stellen, gelingt nur mit Partnern und hier haben wir viele Mitstreiter gefunden, die spontan zugesagt haben, uns zu unterst\u00fctzen.&#8221; Dazu z\u00e4hlen neben\u00c2\u00a0der Stadt Fulda die IHK Fulda, Hotel- und Gastst\u00e4ttenverband Fulda, Verein der K\u00f6che, Eduard-Stieler-Schule, F\u00f6rderverein Feuer und Flamme sowie vom Rh\u00f6ner Charme sind als Betriebe aktiv dabei Landhaus Kehl, Gasthof Sondergeld, Der Florenberg, Fuldaer Haus, Kneshecke, Gasthof Rh\u00f6nblick und Hotel Sonnentau.<br \/>\nAn einem Infostand hatten Vertreter der Eduard-Stieler-Schule und des Hotel- und Gastst\u00e4ttenverbandes Brosch\u00fcren und zahlreiche Details zu den Ausbildungen parat.<br \/>\nGru\u00dfworte sprachen neben dem Rh\u00f6ner Charme-Vorsitzenden Dieter Kehl auch der IHK Aus- und Weiterbildungsleiter Armin Gerbeth, der nochmals die Vielf\u00e4ltigkeit der Berufsbilder hervorhob sowie Ausbilderin und Rh\u00f6ner Charme-Mitglied Leonora Frohnapfel, der Auszubildende Ramon Enders sowie der Vorsitzende vom Hotel- und Gastst\u00e4ttenverband Fulda Steffen Ackermann.<\/p>\n","protected":false},"excerpt":{"rendered":"<div class=\"tmnf_excerpt\"><p>Unter dem Motto &#8220;Azubis kochen f\u00fcr Jugendliche&#8221; haben die Mitglieder des Rh\u00f6ner Charme eine weitere Gro\u00dfveranstaltung in ihrem Jubil\u00e4umsjahr umgesetzt. Anl\u00e4sslich ihres 25-j\u00e4hrigen Bestehens wurde ein umfangreiches Jahresprogramm 2018 zusammengestellt: Nach der gro\u00dfen Geburtstagsfeier in Hilders folgte jetzt eine weitere Veranstaltung f\u00fcr Jugendliche. Vor dem Hintergrund der fehlenden Fachkr\u00e4fte, insbesondere in Gastronomie und Hotellerie, hat &hellip;<\/p>\n<\/div>","protected":false},"author":1,"featured_media":174128,"comment_status":"closed","ping_status":"closed","sticky":false,"template":"","format":"standard","meta":{"footnotes":""},"categories":[1],"tags":[],"class_list":["post-174127","post","type-post","status-publish","format-standard","has-post-thumbnail","hentry","category-startseite"],"_links":{"self":[{"href":"https:\/\/www.fuldaernachrichten.de\/index.php?rest_route=\/wp\/v2\/posts\/174127","targetHints":{"allow":["GET"]}}],"collection":[{"href":"https:\/\/www.fuldaernachrichten.de\/index.php?rest_route=\/wp\/v2\/posts"}],"about":[{"href":"https:\/\/www.fuldaernachrichten.de\/index.php?rest_route=\/wp\/v2\/types\/post"}],"author":[{"embeddable":true,"href":"https:\/\/www.fuldaernachrichten.de\/index.php?rest_route=\/wp\/v2\/users\/1"}],"replies":[{"embeddable":true,"href":"https:\/\/www.fuldaernachrichten.de\/index.php?rest_route=%2Fwp%2Fv2%2Fcomments&post=174127"}],"version-history":[{"count":1,"href":"https:\/\/www.fuldaernachrichten.de\/index.php?rest_route=\/wp\/v2\/posts\/174127\/revisions"}],"predecessor-version":[{"id":174129,"href":"https:\/\/www.fuldaernachrichten.de\/index.php?rest_route=\/wp\/v2\/posts\/174127\/revisions\/174129"}],"wp:featuredmedia":[{"embeddable":true,"href":"https:\/\/www.fuldaernachrichten.de\/index.php?rest_route=\/wp\/v2\/media\/174128"}],"wp:attachment":[{"href":"https:\/\/www.fuldaernachrichten.de\/index.php?rest_route=%2Fwp%2Fv2%2Fmedia&parent=174127"}],"wp:term":[{"taxonomy":"category","embeddable":true,"href":"https:\/\/www.fuldaernachrichten.de\/index.php?rest_route=%2Fwp%2Fv2%2Fcategories&post=174127"},{"taxonomy":"post_tag","embeddable":true,"href":"https:\/\/www.fuldaernachrichten.de\/index.php?rest_route=%2Fwp%2Fv2%2Ftags&post=174127"}],"curies":[{"name":"wp","href":"https:\/\/api.w.org\/{rel}","templated":true}]}}