{"id":174115,"date":"2018-05-19T10:03:27","date_gmt":"2018-05-19T08:03:27","guid":{"rendered":"http:\/\/www.fuldaer-nachrichten.de\/?p=174115"},"modified":"2018-05-19T10:03:27","modified_gmt":"2018-05-19T08:03:27","slug":"wildbienen-und-schnecken-des-trockenhangs-am-haimberg","status":"publish","type":"post","link":"https:\/\/www.fuldaernachrichten.de\/?p=174115","title":{"rendered":"Wildbienen und Schnecken des Trockenhangs am Haimberg"},"content":{"rendered":"<p>Der Haimberg bei Fulda bietet neben einer interessanten Vor- und Fr\u00fchgeschichte auch zahlreichen,selten gewordenen Tier- und Pflanzenarten Lebensraum. Der nach S\u00fcden ausgerichtete Trockenhang birgt eine w\u00e4rmeliebende Wildbienen- und Schneckenfauna, die mit zum Teil extremen Umweltbedingungen zu recht kommen muss. Wer hierzu mehrerfahren m\u00f6chte, kann sich einer Exkursion der St\u00e4dtischen Volkshochschule anschlie\u00dfen, die am Mittwoch, den 23.Mai 2018 stattfindet. Die Veranstaltung beginnt um 18.00 Uhr und dauert etwa eineinhalb Stunden. Treffpunkt ist an der Kirche in Haimbach. Es f\u00fchren Karl-Heinz Schmalz und Dr. Udo Lange.<\/p>\n","protected":false},"excerpt":{"rendered":"<div class=\"tmnf_excerpt\"><p>Der Haimberg bei Fulda bietet neben einer interessanten Vor- und Fr\u00fchgeschichte auch zahlreichen,selten gewordenen Tier- und Pflanzenarten Lebensraum. Der nach S\u00fcden ausgerichtete Trockenhang birgt eine w\u00e4rmeliebende Wildbienen- und Schneckenfauna, die mit zum Teil extremen Umweltbedingungen zu recht kommen muss. Wer hierzu mehrerfahren m\u00f6chte, kann sich einer Exkursion der St\u00e4dtischen Volkshochschule anschlie\u00dfen, die am Mittwoch, den &hellip;<\/p>\n<\/div>","protected":false},"author":1,"featured_media":0,"comment_status":"closed","ping_status":"closed","sticky":false,"template":"","format":"standard","meta":{"footnotes":""},"categories":[1],"tags":[],"class_list":["post-174115","post","type-post","status-publish","format-standard","hentry","category-startseite"],"_links":{"self":[{"href":"https:\/\/www.fuldaernachrichten.de\/index.php?rest_route=\/wp\/v2\/posts\/174115","targetHints":{"allow":["GET"]}}],"collection":[{"href":"https:\/\/www.fuldaernachrichten.de\/index.php?rest_route=\/wp\/v2\/posts"}],"about":[{"href":"https:\/\/www.fuldaernachrichten.de\/index.php?rest_route=\/wp\/v2\/types\/post"}],"author":[{"embeddable":true,"href":"https:\/\/www.fuldaernachrichten.de\/index.php?rest_route=\/wp\/v2\/users\/1"}],"replies":[{"embeddable":true,"href":"https:\/\/www.fuldaernachrichten.de\/index.php?rest_route=%2Fwp%2Fv2%2Fcomments&post=174115"}],"version-history":[{"count":1,"href":"https:\/\/www.fuldaernachrichten.de\/index.php?rest_route=\/wp\/v2\/posts\/174115\/revisions"}],"predecessor-version":[{"id":174116,"href":"https:\/\/www.fuldaernachrichten.de\/index.php?rest_route=\/wp\/v2\/posts\/174115\/revisions\/174116"}],"wp:attachment":[{"href":"https:\/\/www.fuldaernachrichten.de\/index.php?rest_route=%2Fwp%2Fv2%2Fmedia&parent=174115"}],"wp:term":[{"taxonomy":"category","embeddable":true,"href":"https:\/\/www.fuldaernachrichten.de\/index.php?rest_route=%2Fwp%2Fv2%2Fcategories&post=174115"},{"taxonomy":"post_tag","embeddable":true,"href":"https:\/\/www.fuldaernachrichten.de\/index.php?rest_route=%2Fwp%2Fv2%2Ftags&post=174115"}],"curies":[{"name":"wp","href":"https:\/\/api.w.org\/{rel}","templated":true}]}}