{"id":174110,"date":"2018-05-19T10:01:55","date_gmt":"2018-05-19T08:01:55","guid":{"rendered":"http:\/\/www.fuldaer-nachrichten.de\/?p=174110"},"modified":"2018-05-19T10:01:55","modified_gmt":"2018-05-19T08:01:55","slug":"pressenotiz-zum-treffen-der-deutschsprachigen-weinbruderschaften","status":"publish","type":"post","link":"https:\/\/www.fuldaernachrichten.de\/?p=174110","title":{"rendered":"Pressenotiz zum Treffen der deutschsprachigen Weinbruderschaften."},"content":{"rendered":"<p>Weingenuss und Freundschaft \u2013 Treffen der Gemeinschaft der deutschsprachigen Weinbruderschaften (GdW) in Fulda vom 15.-17. Juni 2018<\/p>\n<p>Der Weinhistorische Konvent Fulda e. V. ist Gastgeber von \u00fcber 150 Freunden aus \u00fcber 30 Bruderschaften im ganzen deutschsprachigen Raum. Genuss \u2013 Kultur und Fachwissen stehen im Mittelpunkt der Tage, zu denen auch Interessenten aus dem Fuldaer Raum herzlich eingeladen sind.<br \/>\nWolfgang Narjes, der Pr\u00e4sident der GdW, freut sich auf die Begegnungen in Fulda, da sie ja ausdr\u00fccklich die Weinkultur, die mit Fulda in Verbindung steht, w\u00fcrdigt. Seine bisherigen Besuche in der Stadt haben ihn von diesem Veranstaltungsort \u00fcberzeugt. F\u00fcr Ralf Liebau, den Kapitel\u00e4ltesten des Fuldaer Weinkonventes, ist es ein gutes Symbol, dass mit diesem \u201eFuldaer Weinsymposion\u201c, die Arbeit des Konventes, den es seit 29 Jahren gibt, besonders gew\u00fcrdigt wird.<br \/>\nAm Freitag, 15. Juni, beginnt das Treffen in der Mensa der Hochschule. Neben einem Buffett gibt es eine Weinkarte mit \u00fcber 60 verschiedenen, meist deutschen Weinen, zu denen sich jeweils einige Freunde zusammenfinden k\u00f6nnen. Die Fuldaer Stadtmusikanten spielen auf. Die Eintrittskarte kostet 45 \u00e2\u201a\u00ac.<\/p>\n<p>Am Samstag, 16.Juni, gibt es einen festlichen Gala-Abend im Hotel Esperanto. Ein mehrg\u00e4ngiges Men\u00fc, mit begleitenden Weinen, interessanten Gespr\u00e4chen moderiert von Hermann Diel und Musik von \u201eThe Cocks\u201c, geh\u00f6ren zu diesem Abend, wie auch des Menuett-Ensemble des Konvents. Als Ehreng\u00e4ste haben sich unter anderem der Pr\u00e4sident des deutschen Weinbauverbandes und die Rheingauer Weink\u00f6nigin angesagt.<br \/>\nAm Sonntagmorgen, 17. Juni, schlie\u00dft das Treffen mit dem festlichen Gottesdienst um 10:30 Uhr auf dem Frauenberg und anschlie\u00dfender Begegnung im Garten der Weingeschichte unterhalb des Klosters.<\/p>\n<p>N\u00e4here Infos und Anmeldem\u00f6glichkeiten unter https:\/\/www.weinhistorischer-konvent.de\/veranstaltungen\/<\/p>\n","protected":false},"excerpt":{"rendered":"<div class=\"tmnf_excerpt\"><p>Weingenuss und Freundschaft \u2013 Treffen der Gemeinschaft der deutschsprachigen Weinbruderschaften (GdW) in Fulda vom 15.-17. Juni 2018 Der Weinhistorische Konvent Fulda e. V. ist Gastgeber von \u00fcber 150 Freunden aus \u00fcber 30 Bruderschaften im ganzen deutschsprachigen Raum. Genuss \u2013 Kultur und Fachwissen stehen im Mittelpunkt der Tage, zu denen auch Interessenten aus dem Fuldaer Raum &hellip;<\/p>\n<\/div>","protected":false},"author":1,"featured_media":0,"comment_status":"closed","ping_status":"closed","sticky":false,"template":"","format":"standard","meta":{"footnotes":""},"categories":[1],"tags":[],"class_list":["post-174110","post","type-post","status-publish","format-standard","hentry","category-startseite"],"_links":{"self":[{"href":"https:\/\/www.fuldaernachrichten.de\/index.php?rest_route=\/wp\/v2\/posts\/174110","targetHints":{"allow":["GET"]}}],"collection":[{"href":"https:\/\/www.fuldaernachrichten.de\/index.php?rest_route=\/wp\/v2\/posts"}],"about":[{"href":"https:\/\/www.fuldaernachrichten.de\/index.php?rest_route=\/wp\/v2\/types\/post"}],"author":[{"embeddable":true,"href":"https:\/\/www.fuldaernachrichten.de\/index.php?rest_route=\/wp\/v2\/users\/1"}],"replies":[{"embeddable":true,"href":"https:\/\/www.fuldaernachrichten.de\/index.php?rest_route=%2Fwp%2Fv2%2Fcomments&post=174110"}],"version-history":[{"count":1,"href":"https:\/\/www.fuldaernachrichten.de\/index.php?rest_route=\/wp\/v2\/posts\/174110\/revisions"}],"predecessor-version":[{"id":174111,"href":"https:\/\/www.fuldaernachrichten.de\/index.php?rest_route=\/wp\/v2\/posts\/174110\/revisions\/174111"}],"wp:attachment":[{"href":"https:\/\/www.fuldaernachrichten.de\/index.php?rest_route=%2Fwp%2Fv2%2Fmedia&parent=174110"}],"wp:term":[{"taxonomy":"category","embeddable":true,"href":"https:\/\/www.fuldaernachrichten.de\/index.php?rest_route=%2Fwp%2Fv2%2Fcategories&post=174110"},{"taxonomy":"post_tag","embeddable":true,"href":"https:\/\/www.fuldaernachrichten.de\/index.php?rest_route=%2Fwp%2Fv2%2Ftags&post=174110"}],"curies":[{"name":"wp","href":"https:\/\/api.w.org\/{rel}","templated":true}]}}