{"id":173751,"date":"2018-05-06T22:55:18","date_gmt":"2018-05-06T20:55:18","guid":{"rendered":"http:\/\/www.fuldaer-nachrichten.de\/?p=173751"},"modified":"2018-05-06T22:55:18","modified_gmt":"2018-05-06T20:55:18","slug":"tag-der-offenen-tuer-der-werkstatt-fuer-menschen-mit-behinderung-in-alsfeld-altenburg-ein-publikumsmagnet","status":"publish","type":"post","link":"https:\/\/www.fuldaernachrichten.de\/?p=173751","title":{"rendered":"Tag der offenen T\u00fcr der Werkstatt f\u00fcr Menschen mit Behinderung in Alsfeld-Altenburg \u2013 ein Publikumsmagnet"},"content":{"rendered":"<p><a href=\"http:\/\/www.fuldaer-nachrichten.de\/wp-content\/uploads\/2018\/05\/2018-05-05_Kompass_Leben_Tag_der_offenen_Tu\u00cc\u02c6r-5.jpg\"><img decoding=\"async\" class=\"alignleft size-thumbnail wp-image-173754\" src=\"http:\/\/www.fuldaer-nachrichten.de\/wp-content\/uploads\/2018\/05\/2018-05-05_Kompass_Leben_Tag_der_offenen_Tu\u00cc\u02c6r-5-265x177.jpg\" alt=\"\" width=\"265\" height=\"177\" \/><\/a>Das sch\u00f6ne Wetter am ersten Maiwochenende hat in Altenburg offenbar genauso viel Tradition wie der Tag der offenen T\u00fcr der Werkstatt f\u00fcr Menschen mit Behinderung von Kompass Leben e.V. in Altenburg. Kompass Leben e.V.? Genau! Denn mit dem 1. Mai ist aus der Behindertenhilfe Vogelsbergkreis e.V. (bhvb) Kompass Leben e.V. geworden. Die Veranstaltung in Altenburg nahmen die Vorstandsmitglieder Katja Diehl und Frank Haberzettl nun zum Anlass, den neuen Namen, das neue Logo und die Idee dahinter einem breiten Publikum vorzustellen. Dar\u00fcber hinaus erf\u00fcllte der Tag der offenen T\u00fcr auch sonst wieder die Erwartungen des Publikums, denn es war an alles gedacht.<\/p>\n<p><a href=\"http:\/\/www.fuldaer-nachrichten.de\/wp-content\/uploads\/2018\/05\/2018-05-05_Kompass_Leben_Tag_der_offenen_Tu\u00cc\u02c6r-6.jpg\"><img decoding=\"async\" class=\"alignleft size-thumbnail wp-image-173755\" src=\"http:\/\/www.fuldaer-nachrichten.de\/wp-content\/uploads\/2018\/05\/2018-05-05_Kompass_Leben_Tag_der_offenen_Tu\u00cc\u02c6r-6-265x177.jpg\" alt=\"\" width=\"265\" height=\"177\" \/><\/a>Zun\u00e4chst ging das Wort an J\u00fcrgen Ackermann, der gemeinsam mit B\u00fcrgermeister Stephan Paule f\u00fcr die politischen Gremien zum Tag der offenen T\u00fcr gekommen war. Als Kreisbeigeordneter vertrat Ackermann den Landrat und variierte in seiner Ansprache den Begriff des Kompasses, den er an dieser Stelle als \u201eGeniestreich\u201c bezeichnete. Gerade f\u00fcr Menschen mit Beeintr\u00e4chtigung sei ein Kompass ein wichtiges Instrument, um den Weg zu finden und ihn zu gehen, umso mehr in einer Umwelt, die durch ihre Barrieren Behinderung erst entstehen lasse. An diesen Punkt kn\u00fcpfte auch die Vorstandsvorsitzende Katja Diehl an. Ein gro\u00dfes Ziel von Kompass Leben e.V. sei es, Barrieren abzubauen und somit das Behindertwerden der Menschen zu vermeiden. Gemeinsam mit Frank Haberzettl enth\u00fcllte sie das neue Logo der Einrichtung, das viel mit dem alten Logo gemeinsam hat. \u201eDer Mensch aus dem alten Logo ist mit in das neue gekommen\u201c, stellte sie fest und untermauerte damit die Maxime sowohl der bhvb als auch von Kompass Leben, nach der der Mensch im Mittelpunkt stehe. \u201eWir haben das Gute der bhvb mitgenommen und werden mit einer neuen Rezeptur mit Kompass Leben noch besser werden\u201c, k\u00fcndigte sie an und ging sodann auf den Prozess der Namensgebung ein, an dem sowohl Mitarbeitende als auch von Kompass Leben im Bereich Wohnen oder Arbeiten betreute Menschen beteiligt waren. \u201eKompass Leben\u201c war bei allen auf gro\u00dfen Zuspruch gesto\u00dfen. \u201eWir m\u00f6chten gemeinsam mit Ihnen Ihre Ziele erreichen\u201c, sprach Diehl ihre Klienten direkt an, \u201eund auf Augenh\u00f6he miteinander sprechen. Das ist immer noch unser Selbstverst\u00e4ndnis.\u201c Mit dem neuen Namen wird Kompass Leben e.V. auch mehr seiner Rolle als sozialer Dienstleister im Kreis gerecht, denn neben den Angeboten f\u00fcr Menschen mit Behinderung bietet Kompass Leben schon lange eine Fr\u00fchf\u00f6rder- und Beratungsstelle, unterh\u00e4lt eine Jugendhilfeeinrichtung und ist Tr\u00e4ger der Schulkindbetreuung in Herbstein. Ein breites Portfolio, das inzwischen weit \u00fcber die urspr\u00fcnglichen Aktivit\u00e4ten des Vereins hinausgeht. Mehr als 150 Menschen hatten sich an der Namensfindung beteiligt, 25 von ihnen wurden am Tag der Vorstellung desselben ausdr\u00fccklich geehrt. F\u00fcr jeden von ihnen gab es ein Geschenk und einen pers\u00f6nlichen H\u00e4ndedruck \u2013 Zeichen der Wertsch\u00e4tzung f\u00fcr das Engagement an dieser Stelle.<\/p>\n<p><a href=\"http:\/\/www.fuldaer-nachrichten.de\/wp-content\/uploads\/2018\/05\/2018-05-05_Kompass_Leben_Tag_der_offenen_Tu\u00cc\u02c6r-9.jpg\"><img decoding=\"async\" class=\"alignleft size-thumbnail wp-image-173756\" src=\"http:\/\/www.fuldaer-nachrichten.de\/wp-content\/uploads\/2018\/05\/2018-05-05_Kompass_Leben_Tag_der_offenen_Tu\u00cc\u02c6r-9-265x177.jpg\" alt=\"\" width=\"265\" height=\"177\" \/><\/a>Nach diesem offiziellen Teil des Tages konnte das Publikum sich \u2013 altbew\u00e4hrt \u2013 \u00fcber ein abwechslungsreiches Programm freuen und allerhand sch\u00f6ne kleine und gro\u00dfe Dinge vor Ort kaufen: Von hustenstillendem L\u00f6wenzahnhonig oder Guinness-Gelee \u00fcber Holzdekoration f\u00fcr Haus und Garten bis hin zu Selbstgen\u00e4htem gab es viel zu sehen und gerne auch mitzunehmen. Ganz besonders \u2013 und auch das keine \u00dcberraschung \u2013 freute sich der Pflanzenverkauf \u00fcber gro\u00dfen Zuspruch. In der Werkstatt selbst erlaubten die einzelnen Arbeitsbereiche Einblicke, auch die Strickgruppe des Ambulant Betreuten Wohnens zeigte ihre Arbeiten.<\/p>\n<p><a href=\"http:\/\/www.fuldaer-nachrichten.de\/wp-content\/uploads\/2018\/05\/2018-05-05_Kompass_Leben_Tag_der_offenen_Tu\u00cc\u02c6r-10.jpg\"><img loading=\"lazy\" decoding=\"async\" class=\"alignleft size-thumbnail wp-image-173758\" src=\"http:\/\/www.fuldaer-nachrichten.de\/wp-content\/uploads\/2018\/05\/2018-05-05_Kompass_Leben_Tag_der_offenen_Tu\u00cc\u02c6r-10-265x177.jpg\" alt=\"\" width=\"265\" height=\"177\" \/><\/a>Komet, die Band der Br\u00fcder-Grimm-Schule unter der Leitung von Anna Sch\u00fc\u00dfler und J\u00f6rg Becker, heizte bei strahlendem Sonnenschein den G\u00e4sten mit aktuellem Deutsch-Rock ein und begeisterte mit ihrer guten Laune und dem gro\u00dfartigen Repertoire. Zuvor hatte schon die Tanzgarde aus Angenrod, die Flip-Flops, f\u00fcr viel Spa\u00df und gute Unterhaltung gesorgt. Den weiteren Nachmittag bestritten die T\u00e4nzerinnen und T\u00e4nzer der Tanzgruppe von Barbara Heinz, die Ratss\u00e4nger unter der Leitung von Manfred Merle und der Alleinunterhalter Helmut Hill.<br \/>\nDie Kinder konnten sich mit Kinderschminken, Ponyreiten, einer H\u00fcpfburg und Schlepperfahrten die Zeit vertreiben; dazu gab es nat\u00fcrlich allerlei Leckeres zum Hungerstillen und zum Naschen.<\/p>\n<p>Am Ende des Tages hatten die G\u00e4ste viel mitbekommen von der Werkstatt und der Organisation dahinter. Ganz nebenbei hatten viele von ihnen auch die Gelegenheit genutzt, sich mit Freunden und Bekannten zu treffen, sich auszutauschen und einfach nur einen sch\u00f6nen, runden Sommertag zu genie\u00dfen.<\/p>\n","protected":false},"excerpt":{"rendered":"<div class=\"tmnf_excerpt\"><p>Das sch\u00f6ne Wetter am ersten Maiwochenende hat in Altenburg offenbar genauso viel Tradition wie der Tag der offenen T\u00fcr der Werkstatt f\u00fcr Menschen mit Behinderung von Kompass Leben e.V. in Altenburg. Kompass Leben e.V.? Genau! Denn mit dem 1. Mai ist aus der Behindertenhilfe Vogelsbergkreis e.V. (bhvb) Kompass Leben e.V. geworden. Die Veranstaltung in Altenburg &hellip;<\/p>\n<\/div>","protected":false},"author":1,"featured_media":173753,"comment_status":"closed","ping_status":"closed","sticky":false,"template":"","format":"standard","meta":{"footnotes":""},"categories":[1],"tags":[],"class_list":["post-173751","post","type-post","status-publish","format-standard","has-post-thumbnail","hentry","category-startseite"],"_links":{"self":[{"href":"https:\/\/www.fuldaernachrichten.de\/index.php?rest_route=\/wp\/v2\/posts\/173751","targetHints":{"allow":["GET"]}}],"collection":[{"href":"https:\/\/www.fuldaernachrichten.de\/index.php?rest_route=\/wp\/v2\/posts"}],"about":[{"href":"https:\/\/www.fuldaernachrichten.de\/index.php?rest_route=\/wp\/v2\/types\/post"}],"author":[{"embeddable":true,"href":"https:\/\/www.fuldaernachrichten.de\/index.php?rest_route=\/wp\/v2\/users\/1"}],"replies":[{"embeddable":true,"href":"https:\/\/www.fuldaernachrichten.de\/index.php?rest_route=%2Fwp%2Fv2%2Fcomments&post=173751"}],"version-history":[{"count":1,"href":"https:\/\/www.fuldaernachrichten.de\/index.php?rest_route=\/wp\/v2\/posts\/173751\/revisions"}],"predecessor-version":[{"id":173761,"href":"https:\/\/www.fuldaernachrichten.de\/index.php?rest_route=\/wp\/v2\/posts\/173751\/revisions\/173761"}],"wp:featuredmedia":[{"embeddable":true,"href":"https:\/\/www.fuldaernachrichten.de\/index.php?rest_route=\/wp\/v2\/media\/173753"}],"wp:attachment":[{"href":"https:\/\/www.fuldaernachrichten.de\/index.php?rest_route=%2Fwp%2Fv2%2Fmedia&parent=173751"}],"wp:term":[{"taxonomy":"category","embeddable":true,"href":"https:\/\/www.fuldaernachrichten.de\/index.php?rest_route=%2Fwp%2Fv2%2Fcategories&post=173751"},{"taxonomy":"post_tag","embeddable":true,"href":"https:\/\/www.fuldaernachrichten.de\/index.php?rest_route=%2Fwp%2Fv2%2Ftags&post=173751"}],"curies":[{"name":"wp","href":"https:\/\/api.w.org\/{rel}","templated":true}]}}