{"id":173740,"date":"2018-05-01T10:46:27","date_gmt":"2018-05-01T08:46:27","guid":{"rendered":"http:\/\/www.fuldaer-nachrichten.de\/?p=173740"},"modified":"2018-05-01T10:46:27","modified_gmt":"2018-05-01T08:46:27","slug":"lilienlust-auf-schloss-fasanerie","status":"publish","type":"post","link":"https:\/\/www.fuldaernachrichten.de\/?p=173740","title":{"rendered":"Lilienlust auf Schloss Fasanerie"},"content":{"rendered":"<p>Das F\u00fcrstliche Gartenfest Schloss Fasanerie 2018<\/p>\n<p>18.\u201321. Mai 2018 \u00c2\u00b7 Pfingsten<br \/>\nSonderthema: \u201eLust auf Lilien\u201c<\/p>\n<p>Das F\u00fcrstliche Gartenfest Schloss Fasanerie macht in diesem<br \/>\nJahr \u201eLust auf Lilien\u201c \u2013 Lust auf Farbe und \u00c4sthetik, auf au\u00dfergew\u00f6hnliche<br \/>\nBl\u00fcten und besondere Pflanzen. Dabei deckt das Sonderthema ein breites<br \/>\nSpektrum ab: Nicht nur Lilien stehen im Mittelpunkt, sondern auch Pflanzen,<br \/>\ndie das Wort \u201eLilie\u201c nur im Namen tragen wie beispielsweise Herzblatt-, Tag- oder Schwertlilien. Au\u00dfer-dem geht es um die Familie der Liliengew\u00e4chse, zu der auch Tulpen geh\u00f6ren. Dar\u00fcber hinaus kommen Musik und Kunst beim Gartenvergn\u00fcgen vom 18. bis 21. Mai in Eichenzell nicht zu kurz.<br \/>\nAuf dem F\u00fcrstlichen Gartenfest rund um Schloss Fasanerie bei Fulda sind im Rahmen des Sonderthemas zahlreiche, ausgewiesene Lilienexperten zu Gast. Sie begeistern nicht nur mit ihrem Sortiment, sondern auch mit ihrem umfassenden Fachwissen. Bei ihnen k\u00f6nnen sich die Besucher Tipps und Anregungen ho-len und dann gleich die passende Pflanze f\u00fcr ihren Garten oder Balkon kaufen.<br \/>\nAn dem Namen Stefan Strasser kommt man, wenn es um Lilien geht, nicht vorbei. Mit seiner Lilien-Arche hat es sich der Experte aus Erlangen zur Aufgabe gemacht, selten gewordene Lilien, Tag- und Schwertlilien wieder zu verbreiten. Insbesondere bereits verschollenen oder als ausgestorben geltenden Pflanzen gilt sein Augenmerk \u2013 und das weltweit. Auf dem F\u00fcrstlichen Gartenfest bietet er seine Sch\u00e4tze an.<br \/>\nTaglilien bietet auch Rolf Offenthal. Der Experte aus dem nieders\u00e4chsischen Grethem-B\u00fcchten hat die 1.000 besten und sch\u00f6nsten Sorten aus den USA und Europa in seinem Sortiment. Dabei reicht die Palette vom bew\u00e4hrten \u201eStandard\u201c bis zu exklusiven, rareren Exemplaren. Als regionaler Aussteller pr\u00e4sentiert auch Georg Leinweber Taglilien. Sein Sortiment umfasst 220 Sorten. Hiervon bringt er zahlreiche mit zum F\u00fcrstlichen Gartenfest: kleine, mittelhochwachsende und hochwachsende Exemplare mit verschiedenen Bl\u00fctenformen und in unterschiedlichsten Farben.<br \/>\nAuf Hostas, auch Herzblattlilien genannt, hat sich Marco Fransen mit mehr als 2.000 Sorten spezialisiert. Die Original-Herzblattlilie, die Hosta plantaginea, bringt der Spezialist aus den Niederlanden selbstver-st\u00e4ndlich mit. Sie stammt urspr\u00fcnglich aus China und war die erste Hosta in Europa. Ihre gro\u00dfen, wei\u00dfen, duftenden Bl\u00fcten \u00e4hneln jenen der Lilie.<br \/>\nDie Thymian- und Staudeng\u00e4rtnerei von Michael Camphausen hat sich aus einem Hobby herausentwi-ckelt. Die Pflanzen sind allesamt speziell ausgesuchte und von seinem Team kultivierte Individuen. Pas-send zum Sonderthema wird der Kultivateur u. a. Schmucklilien und Lilien anbieten.<br \/>\nAuch in diesem Jahr finden sich einige \u201eGartenpromis\u201c auf dem F\u00fcrstlichen Gartenfest. So sind u. a. Petra Pelz, Helga Urban, Peter Janke und Jonas Reif zu Gast: Am 18. Mai um 12 Uhr stellt die Gartenbuchautorin Helga Urban \u201eBezaubernde D\u00fcfte im Garten\u201c vor. In ihrem Vortrag gibt sie Anregungen zur Auswahl von \u201ePflanzen mit Parf\u00fcm\u201c. Am gleichen Tag um 13.30 Uhr erl\u00e4utert Jonas Reif, Chefredakteur der Fachzeit-schrift \u201eGartenpraxis\u201c, wie Tulpen dauerhafter im Garten \u00fcberleben. Im Rahmen eines Versuchs an der TU Berlin hat er sich mit dieser Frage auseinandergesetzt und kommt zu dem Schluss, dass neben dem richti-gen Standort auch die Arten- und Sortenwahl wichtig ist. Petra Pelz referiert gleich an zwei Tagen auf dem F\u00fcrstlichen Gartenfest: Die renommierte Landschaftsarchitektin erkl\u00e4rt am 18. Mai um 15 Uhr und am 19. Mai um 12 Uhr, wie man \u201eSchritt f\u00fcr Schritt zum ganzj\u00e4hrig bl\u00fchenden Beet\u201c kommt. Dar\u00fcber hinaus wird Peter Janke auch in diesem Jahr durch seinen \u201eBalance-Garten\u201c f\u00fchren. Am 18. Mai erkl\u00e4rt er in ei-nem Rundgang seine planerische Intention und Pflanzenauswahl, die er f\u00fcr den Schaugarten an der Obst-gartenmauer von Schloss Fasanerie getroffen hat. Dabei zeigt er auch die \u00dcbertragbarkeit seiner Gestal-tungsans\u00e4tze und Pflanzenkombinationen f\u00fcr den privaten Garten.<br \/>\nDer \u201eBalance-Garten\u201c von Peter Janke ist nicht der einzige Schaugarten auf dem Gel\u00e4nde des F\u00fcrstlichen Gartenfestes. Auf rund 300 Quadratmetern erstreckt sich der \u201elilien.acker!\u201c des diesj\u00e4hrigen Schaugar-tenwettbewerb-Gewinners Marcel Tr\u00f6ger im Hofgarten von Schloss Fasanerie. Und in der Vesica hat der Lilienexperte Stefan Strasser bereits im vergangenen Herbst zahlreiche Lilien, Tag- und Schwertlilien an-gepflanzt. Mit etwas Gl\u00fcck bl\u00fchen sie p\u00fcnktlich zu Pfingsten. Zudem pr\u00e4sentieren die Garten- und Land-schaftsbaubetriebe, die auf dem F\u00fcrstlichen Gartenfest ausstellen, inspirierende Musterbeete, Schaug\u00e4r-ten und Pflanzbeispiele.<br \/>\nF\u00fcr Musik, Kunst und gute Laune auf dem Gel\u00e4nde sorgen in diesem Jahr die Schwindler und das Wiener Masken- und Musiktheater. In Form von sechs \u201eaufgetakelten\u201c, selbstbewussten Damen zieht das Thea-terensemble an allen Gartenfest-Tagen mit ausgelassener Freude \u00fcbers Gel\u00e4nde. Eine gro\u00dfe Lust (auf Lilien) umgibt die \u201eDorfsch\u00f6nheiten\u201c, die gemeinsam die Anbetung der Lilienzwiebel zelebrieren. Die Schwindler \u2013 das Trio aus Gitarre, Kontrabass und Saxophon \u2013 haben sich in diesem Jahr Verst\u00e4rkung von einer Dame geholt: Maria di Marco unterst\u00fctzt die Herren zum ersten Mal auf dem F\u00fcrstlichen Gartenfest mit Gesang. So bekommt die bekannt-charmante Mischung aus Jazz, Bossa Nova, Samba, Tango und Swing eine ganz neue Seite.<br \/>\nEinen Termin w\u00e4hrend der vier Veranstaltungstage sollte man auf keinen Fall verpassen: Am 18. Mai wird die Schirmherrin des F\u00fcrstlichen Gartenfestes, Floria Landgr\u00e4fin von Hessen, um 11 Uhr im Obstgarten eine Taglilie taufen und sie im Anschluss auf der Terrasse im Schlosspark einpflanzen. Die Hemerocallis<br \/>\n\u201eLandgr\u00e4fin Floria\u201c ist eine gro\u00dfbl\u00fctige, sehr angenehm duftende, lang bl\u00fchende Z\u00fcchtung des Lilienex-perten Stefan Strasser.<br \/>\nDas gesamte Rahmen- und Vortragsprogramm des F\u00fcrstlichen Gartenfestes Schloss Fasanerie 2018 ist unter www.gartenfest.de\/fasanerie\/programm zu finden. Alle Vortr\u00e4ge sind im Eintrittspreis enthalten.<\/p>\n<div id=\"attachment_173742\" style=\"width: 275px\" class=\"wp-caption alignleft\"><a href=\"http:\/\/www.fuldaer-nachrichten.de\/wp-content\/uploads\/2018\/05\/Foto-2_Peter-Janke-im-Balance-Garten.jpg\"><img decoding=\"async\" aria-describedby=\"caption-attachment-173742\" class=\"size-thumbnail wp-image-173742\" src=\"http:\/\/www.fuldaer-nachrichten.de\/wp-content\/uploads\/2018\/05\/Foto-2_Peter-Janke-im-Balance-Garten-265x177.jpg\" alt=\"\" width=\"265\" height=\"177\" srcset=\"https:\/\/www.fuldaernachrichten.de\/wp-content\/uploads\/2018\/05\/Foto-2_Peter-Janke-im-Balance-Garten-265x177.jpg 265w, https:\/\/www.fuldaernachrichten.de\/wp-content\/uploads\/2018\/05\/Foto-2_Peter-Janke-im-Balance-Garten-768x512.jpg 768w, https:\/\/www.fuldaernachrichten.de\/wp-content\/uploads\/2018\/05\/Foto-2_Peter-Janke-im-Balance-Garten-600x400.jpg 600w, https:\/\/www.fuldaernachrichten.de\/wp-content\/uploads\/2018\/05\/Foto-2_Peter-Janke-im-Balance-Garten.jpg 900w\" sizes=\"(max-width: 265px) 100vw, 265px\" \/><\/a><p id=\"caption-attachment-173742\" class=\"wp-caption-text\">Peter Janke erl\u00e4utert das Konzept seines 2017 im Obstgarten des Barockschlosses angelegten \u201eBalance-Gartens\u201c<\/p><\/div>\n<div id=\"attachment_173743\" style=\"width: 275px\" class=\"wp-caption alignleft\"><a href=\"http:\/\/www.fuldaer-nachrichten.de\/wp-content\/uploads\/2018\/05\/Foto-3_Das-Wiener-Masken-und-Musiktheater.jpg\"><img decoding=\"async\" aria-describedby=\"caption-attachment-173743\" class=\"size-thumbnail wp-image-173743\" src=\"http:\/\/www.fuldaer-nachrichten.de\/wp-content\/uploads\/2018\/05\/Foto-3_Das-Wiener-Masken-und-Musiktheater-265x177.jpg\" alt=\"\" width=\"265\" height=\"177\" srcset=\"https:\/\/www.fuldaernachrichten.de\/wp-content\/uploads\/2018\/05\/Foto-3_Das-Wiener-Masken-und-Musiktheater-265x177.jpg 265w, https:\/\/www.fuldaernachrichten.de\/wp-content\/uploads\/2018\/05\/Foto-3_Das-Wiener-Masken-und-Musiktheater-768x512.jpg 768w, https:\/\/www.fuldaernachrichten.de\/wp-content\/uploads\/2018\/05\/Foto-3_Das-Wiener-Masken-und-Musiktheater-600x400.jpg 600w, https:\/\/www.fuldaernachrichten.de\/wp-content\/uploads\/2018\/05\/Foto-3_Das-Wiener-Masken-und-Musiktheater.jpg 900w\" sizes=\"(max-width: 265px) 100vw, 265px\" \/><\/a><p id=\"caption-attachment-173743\" class=\"wp-caption-text\">Das Wiener Masken- und Musiktheater hat sich auch in diesem Jahr speziell etwas zum Sonderthema \u00fcberlegt Text und Bilder zum kostenfreien Abdruck freigegeben im Rahmen eines redaktionellen Beitrags; Belegexemplar erbeten.<\/p><\/div>\n","protected":false},"excerpt":{"rendered":"<div class=\"tmnf_excerpt\"><p>Das F\u00fcrstliche Gartenfest Schloss Fasanerie 2018 18.\u201321. Mai 2018 \u00c2\u00b7 Pfingsten Sonderthema: \u201eLust auf Lilien\u201c Das F\u00fcrstliche Gartenfest Schloss Fasanerie macht in diesem Jahr \u201eLust auf Lilien\u201c \u2013 Lust auf Farbe und \u00c4sthetik, auf au\u00dfergew\u00f6hnliche Bl\u00fcten und besondere Pflanzen. Dabei deckt das Sonderthema ein breites Spektrum ab: Nicht nur Lilien stehen im Mittelpunkt, sondern auch &hellip;<\/p>\n<\/div>","protected":false},"author":1,"featured_media":173741,"comment_status":"closed","ping_status":"closed","sticky":false,"template":"","format":"standard","meta":{"footnotes":""},"categories":[1],"tags":[],"class_list":["post-173740","post","type-post","status-publish","format-standard","has-post-thumbnail","hentry","category-startseite"],"_links":{"self":[{"href":"https:\/\/www.fuldaernachrichten.de\/index.php?rest_route=\/wp\/v2\/posts\/173740","targetHints":{"allow":["GET"]}}],"collection":[{"href":"https:\/\/www.fuldaernachrichten.de\/index.php?rest_route=\/wp\/v2\/posts"}],"about":[{"href":"https:\/\/www.fuldaernachrichten.de\/index.php?rest_route=\/wp\/v2\/types\/post"}],"author":[{"embeddable":true,"href":"https:\/\/www.fuldaernachrichten.de\/index.php?rest_route=\/wp\/v2\/users\/1"}],"replies":[{"embeddable":true,"href":"https:\/\/www.fuldaernachrichten.de\/index.php?rest_route=%2Fwp%2Fv2%2Fcomments&post=173740"}],"version-history":[{"count":1,"href":"https:\/\/www.fuldaernachrichten.de\/index.php?rest_route=\/wp\/v2\/posts\/173740\/revisions"}],"predecessor-version":[{"id":173744,"href":"https:\/\/www.fuldaernachrichten.de\/index.php?rest_route=\/wp\/v2\/posts\/173740\/revisions\/173744"}],"wp:featuredmedia":[{"embeddable":true,"href":"https:\/\/www.fuldaernachrichten.de\/index.php?rest_route=\/wp\/v2\/media\/173741"}],"wp:attachment":[{"href":"https:\/\/www.fuldaernachrichten.de\/index.php?rest_route=%2Fwp%2Fv2%2Fmedia&parent=173740"}],"wp:term":[{"taxonomy":"category","embeddable":true,"href":"https:\/\/www.fuldaernachrichten.de\/index.php?rest_route=%2Fwp%2Fv2%2Fcategories&post=173740"},{"taxonomy":"post_tag","embeddable":true,"href":"https:\/\/www.fuldaernachrichten.de\/index.php?rest_route=%2Fwp%2Fv2%2Ftags&post=173740"}],"curies":[{"name":"wp","href":"https:\/\/api.w.org\/{rel}","templated":true}]}}