{"id":172799,"date":"2018-03-28T17:44:39","date_gmt":"2018-03-28T15:44:39","guid":{"rendered":"http:\/\/www.fuldaer-nachrichten.de\/?p=172799"},"modified":"2018-03-28T17:44:50","modified_gmt":"2018-03-28T15:44:50","slug":"tegut-ehrt-29-sportabzeichen-traeger-im-kloster-frauenberg-gemeinsam-macht-sport-noch-mehr-spass","status":"publish","type":"post","link":"https:\/\/www.fuldaernachrichten.de\/?p=172799","title":{"rendered":"tegut\u00e2\u20ac\u00a6 ehrt 29 Sportabzeichen-Tr\u00e4ger im Kloster Frauenberg &#8211; Gemeinsam macht Sport noch mehr Spa\u00df"},"content":{"rendered":"<p>2017 k\u00e4mpften 29 Mitarbeiter und deren Familienangeh\u00f6rige erfolgreich um das Deutsche Sportabzeichen im Stadion Fulda. Feierliche \u00dcbergabe war am 27. M\u00e4rz im Kloster Frauenberg. Zehn tegut\u00e2\u20ac\u00a6 Sportler erwarben das Deutsche Sportabzeichen zum ersten Mal, Sieglinde Dehler bereits zum 25. Mal.<\/p>\n<p>von Links: Sandra Schickentanz, Luisa Gilbert, Lea Birkenbach, Claus Goldbach, Robert Minkel, Nina Ullmer, Thomas Gutberlet, Fabian Gutberlet, Lisa Ziegler, Laura Sch\u00e4fer, Judith Gutberlet, Aurelia Gutberlet, Tobias Konrad, Kathrin Sch\u00e4fer, Anna H\u00e4\u00dfler, Manuel Heil, Petra Semler, Jutta Brede, Marcel Bellinger, Katharina Wolf, Carina Hopp, Sieglinde Dehler, Selina Seifert, Andr\u00e8 Strube, Maria Rita Heil und Karl-Heinz Brand, tegut\u00e2\u20ac\u00a6 Gesch\u00e4ftsleitung Personelles.<\/p>\n<p>Nicht im Bild: Meike Herber, Maike Hasenauer, Marcel Goldbach, Bernhard Vey.<\/p>\n<p>&nbsp;<\/p>\n","protected":false},"excerpt":{"rendered":"<div class=\"tmnf_excerpt\"><p>2017 k\u00e4mpften 29 Mitarbeiter und deren Familienangeh\u00f6rige erfolgreich um das Deutsche Sportabzeichen im Stadion Fulda. Feierliche \u00dcbergabe war am 27. M\u00e4rz im Kloster Frauenberg. Zehn tegut\u00e2\u20ac\u00a6 Sportler erwarben das Deutsche Sportabzeichen zum ersten Mal, Sieglinde Dehler bereits zum 25. Mal. von Links: Sandra Schickentanz, Luisa Gilbert, Lea Birkenbach, Claus Goldbach, Robert Minkel, Nina Ullmer, Thomas &hellip;<\/p>\n<\/div>","protected":false},"author":1,"featured_media":172800,"comment_status":"closed","ping_status":"closed","sticky":false,"template":"","format":"standard","meta":{"footnotes":""},"categories":[1],"tags":[],"class_list":["post-172799","post","type-post","status-publish","format-standard","has-post-thumbnail","hentry","category-startseite"],"_links":{"self":[{"href":"https:\/\/www.fuldaernachrichten.de\/index.php?rest_route=\/wp\/v2\/posts\/172799","targetHints":{"allow":["GET"]}}],"collection":[{"href":"https:\/\/www.fuldaernachrichten.de\/index.php?rest_route=\/wp\/v2\/posts"}],"about":[{"href":"https:\/\/www.fuldaernachrichten.de\/index.php?rest_route=\/wp\/v2\/types\/post"}],"author":[{"embeddable":true,"href":"https:\/\/www.fuldaernachrichten.de\/index.php?rest_route=\/wp\/v2\/users\/1"}],"replies":[{"embeddable":true,"href":"https:\/\/www.fuldaernachrichten.de\/index.php?rest_route=%2Fwp%2Fv2%2Fcomments&post=172799"}],"version-history":[{"count":2,"href":"https:\/\/www.fuldaernachrichten.de\/index.php?rest_route=\/wp\/v2\/posts\/172799\/revisions"}],"predecessor-version":[{"id":172802,"href":"https:\/\/www.fuldaernachrichten.de\/index.php?rest_route=\/wp\/v2\/posts\/172799\/revisions\/172802"}],"wp:featuredmedia":[{"embeddable":true,"href":"https:\/\/www.fuldaernachrichten.de\/index.php?rest_route=\/wp\/v2\/media\/172800"}],"wp:attachment":[{"href":"https:\/\/www.fuldaernachrichten.de\/index.php?rest_route=%2Fwp%2Fv2%2Fmedia&parent=172799"}],"wp:term":[{"taxonomy":"category","embeddable":true,"href":"https:\/\/www.fuldaernachrichten.de\/index.php?rest_route=%2Fwp%2Fv2%2Fcategories&post=172799"},{"taxonomy":"post_tag","embeddable":true,"href":"https:\/\/www.fuldaernachrichten.de\/index.php?rest_route=%2Fwp%2Fv2%2Ftags&post=172799"}],"curies":[{"name":"wp","href":"https:\/\/api.w.org\/{rel}","templated":true}]}}