{"id":172379,"date":"2018-03-19T18:15:58","date_gmt":"2018-03-19T17:15:58","guid":{"rendered":"http:\/\/www.fuldaer-nachrichten.de\/?p=172379"},"modified":"2018-03-19T18:15:58","modified_gmt":"2018-03-19T17:15:58","slug":"rueckblick-ausblick-arbeitskreise-vorstandswahl-im-verein-fulda-stellt-sich-quer","status":"publish","type":"post","link":"https:\/\/www.fuldaernachrichten.de\/?p=172379","title":{"rendered":"R\u00fcckblick, Ausblick, Arbeitskreise &#8211; Vorstandswahl im Verein Fulda stellt sich quer"},"content":{"rendered":"<p>Die Jahreshauptversammlung des Vereins &#8220;Fulda stellt sich quer&#8221; am Mittwochabend (14. M\u00e4rz 2018) war bestimmt von Berichten, Wahlen und Diskussionen. Die Vorstandswahlen* brachten keine \u00dcberraschung hervor: Nahezu der gesamte alte Vorstand stellte sich erneut zur Wahl. Andreas Goerke ist weiter Vorsitzender, seine beiden Stellvertreter sind Benjamin Heum\u00fcller und Rolf M\u00fcller, der den Abend moderierte.<\/p>\n<p>&nbsp;<\/p>\n<p>Andreas Goerke lie\u00df das vergangene Jahr Revue passieren:<\/p>\n<p>&#8220;2017 war gepr\u00e4gt von Hetze und rassistisch und antisemitisch motivierter rechter Gewalt. Auch meine Familie und ich mussten darunter leiden: Der Tiefpunkt war die Morddrohung gegen meinen Sohn.<\/p>\n<p>&nbsp;<\/p>\n<p>Erstmals sitzen in Deutschland Faschisten der AfD im Bundestag und tragen offen ihre widerliche Hetze zu Schau. Es scheint f\u00fcr viele mittlerweile zum guten Ton zu geh\u00f6ren, auch \u00f6ffentlich gegen Gefl\u00fcchtete, Migranten, Homosexuelle, Lesben und Demokratinnen und Demokraten zu hetzen.&#8221;<\/p>\n<p>&nbsp;<\/p>\n<p>Viele verorteten die Problematik in andere Gegenden, nicht in die &#8216;heile Welt&#8217; Osthessens. &#8220;Doch der Landkreis Fulda ist geradezu eine Hochburg der rechtsextremen Szene: Identit\u00e4re Bewegung, &#8216;Der III. Weg&#8217;, NPD, AfD und Republikaner haben hier ein festes Fundament rechtsextremen Gedankengutes. Das spiegelte sich auch in dem AfD-Wahlergebnis bei der Bundestagswahl am 24. September wider.&#8221; Um sich gegen Ausgrenzung wie Rassismus zu positionieren, brauche es nur ein wenig Zivilcourage. Viele Menschen im Landkreis Fulda hielten die wachsende rechte Bewegung f\u00fcr eine kurzzeitige Entwicklung. &#8220;Dem ist leider nicht so. Wir m\u00fcssen weiter unsere demokratischen und sozialen Errungenschaften verteidigen und ausbauen: Menschenrechte sind nicht teilbar. Unser Engagement gegen Ausgrenzung, soziale Ungerechtigkeit und Krieg ist n\u00f6tiger denn je.&#8221;<\/p>\n<p>&nbsp;<\/p>\n<p>Aktivit\u00e4ten des Vereins im Jahr 2017 waren beispielsweise:<\/p>\n<ul>\n<li>Beteiligung an den Protesten gegen die AfD-Parteitage in K\u00f6ln und Hannover als Teil des B\u00fcndnis&#8217; &#8220;Aufstehen gegen Rassismus&#8221; (22.04.2017 \/ 02.12.2017).<\/li>\n<li>Bildungsveranstaltungen in Schulen, Hochschule und bei Parteien.<\/li>\n<li>Organisation der Demo gegen den III. Weg in Fulda (26.08.2017).<\/li>\n<li>Diskussion mit FR-Journalisten Danijel Majic &#8220;Die Mythen der Rechten&#8221; in Kooperation mit dem Stadtverband der Gr\u00fcnen (02.11.2017).<\/li>\n<li>Filmabend &#8220;Blut muss flie\u00dfen \u2013 Undercover unter Nazis&#8221; mit anschlie\u00dfender Diskussion mit Regisseur Peter Ohlendorf (14.09.2017).<\/li>\n<\/ul>\n<p>&nbsp;<\/p>\n<p>&#8220;Aktionen und Infomaterial werden durch Mitgliedsbeitr\u00e4ge und den Verkauf von Buttons u. \u00e4. finanziert. Zudem d\u00fcrfen wir kostenfrei der DGB-Tagungsraum f\u00fcr Veranstaltungen und Treffen nutzen&#8221;, fasste Kassierer Martin Uebelacker die Einnahmenseite zusammen.<\/p>\n<p>&nbsp;<\/p>\n<p>&#8220;Besonders freuen wir uns \u00fcber die Wertsch\u00e4tzung unserer Arbeit. Im vergangenen Jahr erhielten wir den &#8216;Preis der Vielfalt 2017&#8217; des Arbeitskreises Migration &amp; Vielfalt der Bundes-SPD. In K\u00fcrze wird uns der &#8216;Otto-Wels-Preis f\u00fcr Demokratie 2018&#8217; der SPD-Bundestagsfraktion&#8221; verliehen&#8221;, teilte Andreas Goerke mit.<\/p>\n<p>&nbsp;<\/p>\n<p>Ausblick auf das Jahr 2018 und R\u00fcckschau auf den Jahresanfang:<\/p>\n<ul>\n<li>Organisation der Demonstration &#8220;Stoppt den Krieg \u2013 Frieden in Afrin&#8221; am 3. Februar.<\/li>\n<li>Am 9. M\u00e4rz las Silvia Gingold aus den Erinnerungen ihres Vaters Peter Gingold &#8220;Paris \u2013 Boulevard St. Martin No. 11&#8221; gemeinsam mit Herausgeber Ulrich Scheider.<\/li>\n<li>Die Ausstellung &#8220;Demokratie st\u00e4rken \u2013 Rechtsextremismus bek\u00e4mpfen&#8221; der Friedrich-Ebert-Stiftung wird am 23. April von Oberb\u00fcrgermeister Wingenfeld im Hochschulzentrum Fulda Transfer (Heinrich-von-Bibra-Platz 1b) er\u00f6ffnet.<\/li>\n<li>Bis zum 18. Mai wird diese Ausstellung in einigen Fuldaer Schulen gezeigt werden.<\/li>\n<li>Am 8. Mai wird es eine Veranstaltung zu Werken der vom Naziregime verfemten Schriftsteller*innen in Kooperation mit der Buchhandlung Ulenspiegel geben. Anlass ist der 85. Jahrestag der inszenierten unseligen Verbrennung von B\u00fcchern (10. Mai 1933): &#8220;Verbrannt, doch nicht vernichtet\u00e2\u20ac\u009d.<\/li>\n<li>Am 30. Juni wird der Verein die Proteste gegen den AfD-Parteitag in Augsburg unterst\u00fctzen.<\/li>\n<li>Esther Bejarano wird am 9. September 2018 im Kreuz-Saal ein Konzert mit der K\u00f6lner Rap-Band Microphone Mafia geben.<\/li>\n<li>Am Folgetag wird die 93-j\u00e4hrige Auschwitz-\u00dcberlebende Fuldaer Sch\u00fclerinnen und Sch\u00fclern in der Stadtpfarrkirche als Zeitzeugin von den Schrecken der Nazi-Zeit erz\u00e4hlen. Bereits 2015 konnte Fulda stellt sich quer Frau Bejarano f\u00fcr ein Konzert (im ausverkauften Orangerie-Stadtsaal) und ein Zusammentreffen mit Sch\u00fcler*innen in der Christuskirche gewinnen.<\/li>\n<\/ul>\n<p>&nbsp;<\/p>\n<p>Benjamin Heum\u00fcller stellte vor, wie mit Arbeitskreisen (Recherche, Redaktion, Erinnerungsarbeit) die Vereinsarbeit auf eine breitere Basis gestellt werden soll.<\/p>\n<p>&nbsp;<\/p>\n<p>Mit 26.000 Followers habe die Facebookseite des Vereins <a href=\"https:\/\/www.facebook.com\/VereinFuldastelltsichquer\/\">https:\/\/www.facebook.com\/VereinFuldastelltsichquer\/<\/a>mittlerweile eine betr\u00e4chtliche Reichweite. Doch auch analoge Treffen kommen nicht zu kurz:<\/p>\n<p>Auch 2018 wird der Verein zu Stammtischen einladen &#8211; jeden dritten Donnerstag des Monats ab 20:30 Uhr im Stadtw\u00e4chter (Pfandhausstra\u00dfe 14 \/ Fulda).<\/p>\n<p>&nbsp;<\/p>\n<p>Vorstandssprecher Andreas Goerke beendete die Versammlung mit den Worten des Juristen Fritz Bauer: &#8220;Leider ist es eine typisch deutsche Eigenschaft, den Gehorsam schlechthin f\u00fcr eine Tugend zu halten. Wir brauchen die Zivilcourage, &#8216;Nein&#8217; zu sagen.&#8221;<\/p>\n","protected":false},"excerpt":{"rendered":"<div class=\"tmnf_excerpt\"><p>Die Jahreshauptversammlung des Vereins &#8220;Fulda stellt sich quer&#8221; am Mittwochabend (14. M\u00e4rz 2018) war bestimmt von Berichten, Wahlen und Diskussionen. Die Vorstandswahlen* brachten keine \u00dcberraschung hervor: Nahezu der gesamte alte Vorstand stellte sich erneut zur Wahl. Andreas Goerke ist weiter Vorsitzender, seine beiden Stellvertreter sind Benjamin Heum\u00fcller und Rolf M\u00fcller, der den Abend moderierte. &nbsp; &hellip;<\/p>\n<\/div>","protected":false},"author":1,"featured_media":0,"comment_status":"closed","ping_status":"closed","sticky":false,"template":"","format":"standard","meta":{"footnotes":""},"categories":[1],"tags":[],"class_list":["post-172379","post","type-post","status-publish","format-standard","hentry","category-startseite"],"_links":{"self":[{"href":"https:\/\/www.fuldaernachrichten.de\/index.php?rest_route=\/wp\/v2\/posts\/172379","targetHints":{"allow":["GET"]}}],"collection":[{"href":"https:\/\/www.fuldaernachrichten.de\/index.php?rest_route=\/wp\/v2\/posts"}],"about":[{"href":"https:\/\/www.fuldaernachrichten.de\/index.php?rest_route=\/wp\/v2\/types\/post"}],"author":[{"embeddable":true,"href":"https:\/\/www.fuldaernachrichten.de\/index.php?rest_route=\/wp\/v2\/users\/1"}],"replies":[{"embeddable":true,"href":"https:\/\/www.fuldaernachrichten.de\/index.php?rest_route=%2Fwp%2Fv2%2Fcomments&post=172379"}],"version-history":[{"count":1,"href":"https:\/\/www.fuldaernachrichten.de\/index.php?rest_route=\/wp\/v2\/posts\/172379\/revisions"}],"predecessor-version":[{"id":172380,"href":"https:\/\/www.fuldaernachrichten.de\/index.php?rest_route=\/wp\/v2\/posts\/172379\/revisions\/172380"}],"wp:attachment":[{"href":"https:\/\/www.fuldaernachrichten.de\/index.php?rest_route=%2Fwp%2Fv2%2Fmedia&parent=172379"}],"wp:term":[{"taxonomy":"category","embeddable":true,"href":"https:\/\/www.fuldaernachrichten.de\/index.php?rest_route=%2Fwp%2Fv2%2Fcategories&post=172379"},{"taxonomy":"post_tag","embeddable":true,"href":"https:\/\/www.fuldaernachrichten.de\/index.php?rest_route=%2Fwp%2Fv2%2Ftags&post=172379"}],"curies":[{"name":"wp","href":"https:\/\/api.w.org\/{rel}","templated":true}]}}