{"id":172031,"date":"2018-02-28T09:20:27","date_gmt":"2018-02-28T08:20:27","guid":{"rendered":"http:\/\/www.fuldaer-nachrichten.de\/?p=172031"},"modified":"2018-02-28T09:20:27","modified_gmt":"2018-02-28T08:20:27","slug":"das-sportbad-ziehers-kennenlernen-3","status":"publish","type":"post","link":"https:\/\/www.fuldaernachrichten.de\/?p=172031","title":{"rendered":"Das Sportbad Ziehers kennenlernen"},"content":{"rendered":"<p>Um die Hallenb\u00e4der der Stadt Fulda kennenzulernen, gibt es ein neues Kennenlern-Angebot des Seniorenb\u00fcros. Am Dienstag, 06. M\u00e4rz um 12.00 Uhr treffen sich Interessierte an der Haltestelle<br \/>\n\u201eWaidesgrund\u201c, zu der die Stadtbuslinie 9 b f\u00e4hrt.<br \/>\nAuch Nichtschwimmer k\u00f6nnen im Hallenbad aktiv sein und die wohltuende W\u00e4rme genie\u00dfen. Lernen Sie das Sportbad Ziehers kennen und informieren sich \u00fcber die Angebote f\u00fcr Senioren. In der Cafeteria k\u00f6nnen Sie sich st\u00e4rken. Bitte bringen Sie Badesachen und rutschfeste Badeschuhe mit.<br \/>\nZur Planung ist eine Anmeldung unter Telefon 102-1967 oder E-Mail: ina.malik@fulda. de erforderlich.<\/p>\n","protected":false},"excerpt":{"rendered":"<div class=\"tmnf_excerpt\"><p>Um die Hallenb\u00e4der der Stadt Fulda kennenzulernen, gibt es ein neues Kennenlern-Angebot des Seniorenb\u00fcros. Am Dienstag, 06. M\u00e4rz um 12.00 Uhr treffen sich Interessierte an der Haltestelle \u201eWaidesgrund\u201c, zu der die Stadtbuslinie 9 b f\u00e4hrt. Auch Nichtschwimmer k\u00f6nnen im Hallenbad aktiv sein und die wohltuende W\u00e4rme genie\u00dfen. Lernen Sie das Sportbad Ziehers kennen und informieren &hellip;<\/p>\n<\/div>","protected":false},"author":1,"featured_media":0,"comment_status":"closed","ping_status":"closed","sticky":false,"template":"","format":"standard","meta":{"footnotes":""},"categories":[1],"tags":[],"class_list":["post-172031","post","type-post","status-publish","format-standard","hentry","category-startseite"],"_links":{"self":[{"href":"https:\/\/www.fuldaernachrichten.de\/index.php?rest_route=\/wp\/v2\/posts\/172031","targetHints":{"allow":["GET"]}}],"collection":[{"href":"https:\/\/www.fuldaernachrichten.de\/index.php?rest_route=\/wp\/v2\/posts"}],"about":[{"href":"https:\/\/www.fuldaernachrichten.de\/index.php?rest_route=\/wp\/v2\/types\/post"}],"author":[{"embeddable":true,"href":"https:\/\/www.fuldaernachrichten.de\/index.php?rest_route=\/wp\/v2\/users\/1"}],"replies":[{"embeddable":true,"href":"https:\/\/www.fuldaernachrichten.de\/index.php?rest_route=%2Fwp%2Fv2%2Fcomments&post=172031"}],"version-history":[{"count":1,"href":"https:\/\/www.fuldaernachrichten.de\/index.php?rest_route=\/wp\/v2\/posts\/172031\/revisions"}],"predecessor-version":[{"id":172032,"href":"https:\/\/www.fuldaernachrichten.de\/index.php?rest_route=\/wp\/v2\/posts\/172031\/revisions\/172032"}],"wp:attachment":[{"href":"https:\/\/www.fuldaernachrichten.de\/index.php?rest_route=%2Fwp%2Fv2%2Fmedia&parent=172031"}],"wp:term":[{"taxonomy":"category","embeddable":true,"href":"https:\/\/www.fuldaernachrichten.de\/index.php?rest_route=%2Fwp%2Fv2%2Fcategories&post=172031"},{"taxonomy":"post_tag","embeddable":true,"href":"https:\/\/www.fuldaernachrichten.de\/index.php?rest_route=%2Fwp%2Fv2%2Ftags&post=172031"}],"curies":[{"name":"wp","href":"https:\/\/api.w.org\/{rel}","templated":true}]}}