{"id":171999,"date":"2018-02-27T19:56:31","date_gmt":"2018-02-27T18:56:31","guid":{"rendered":"http:\/\/www.fuldaer-nachrichten.de\/?p=171999"},"modified":"2018-02-27T19:56:31","modified_gmt":"2018-02-27T18:56:31","slug":"vhs-reihe-recht-im-alltag-wie-man-die-pflegezeit-finanziell-meistert-3","status":"publish","type":"post","link":"https:\/\/www.fuldaernachrichten.de\/?p=171999","title":{"rendered":"VHS-Reihe Recht im Alltag &#8211; Wie man die Pflegezeit finanziell meistert"},"content":{"rendered":"<p>Am Freitag, den 02. M\u00e4rz, um 10:15 Uhr bietet die Volkshochschule der Stadt Fulda und das Seniorenb\u00fcro in Zusammenarbeit mit Geld und Haushalt, dem Beratungsdienst der Sparkassen, im Vortragssaal des Vonderau Museums (Eingang Innenhof) einen kostenloser Vortrag zum Thema \u201eWie man die Pflegezeit finanziell meistert\u201c an.<\/p>\n<p>Im Alter gut betreut zu sein, ist f\u00fcr jeden wichtig. Damit das auch so eintrifft, sollte man sich rechtzeitig mit dem Thema Unterst\u00fctzung und Pflege\u00c2\u00a0befassen. Denn vieles l\u00e4sst sich fr\u00fchzeitig regeln. Wo kann man welche\u00c2\u00a0Unterst\u00fctzung in Anspruch nehmen? Welche finanziellen Belastungen k\u00f6nnen\u00c2\u00a0auf einen zukommen? Welche Leistungen gibt es von der gesetzlichen\u00c2\u00a0Pflegeversicherung?<\/p>\n<p>Inhalte des Vortrags sind:<\/p>\n<p>\u00e2\u2013\u00ba Mit privater Vorsorge Versorgungsl\u00fccken schlie\u00dfen<br \/>\n\u00e2\u2013\u00ba Unterst\u00fctzung f\u00fcr Pflegebed\u00fcrftige im Alltag<br \/>\n\u00e2\u2013\u00ba Leistungen der gesetzlichen Pflegeversicherung bei ambulanter oder station\u00e4rer Pflege<\/p>\n","protected":false},"excerpt":{"rendered":"<div class=\"tmnf_excerpt\"><p>Am Freitag, den 02. M\u00e4rz, um 10:15 Uhr bietet die Volkshochschule der Stadt Fulda und das Seniorenb\u00fcro in Zusammenarbeit mit Geld und Haushalt, dem Beratungsdienst der Sparkassen, im Vortragssaal des Vonderau Museums (Eingang Innenhof) einen kostenloser Vortrag zum Thema \u201eWie man die Pflegezeit finanziell meistert\u201c an. Im Alter gut betreut zu sein, ist f\u00fcr jeden &hellip;<\/p>\n<\/div>","protected":false},"author":1,"featured_media":0,"comment_status":"closed","ping_status":"closed","sticky":false,"template":"","format":"standard","meta":{"footnotes":""},"categories":[1],"tags":[],"class_list":["post-171999","post","type-post","status-publish","format-standard","hentry","category-startseite"],"_links":{"self":[{"href":"https:\/\/www.fuldaernachrichten.de\/index.php?rest_route=\/wp\/v2\/posts\/171999","targetHints":{"allow":["GET"]}}],"collection":[{"href":"https:\/\/www.fuldaernachrichten.de\/index.php?rest_route=\/wp\/v2\/posts"}],"about":[{"href":"https:\/\/www.fuldaernachrichten.de\/index.php?rest_route=\/wp\/v2\/types\/post"}],"author":[{"embeddable":true,"href":"https:\/\/www.fuldaernachrichten.de\/index.php?rest_route=\/wp\/v2\/users\/1"}],"replies":[{"embeddable":true,"href":"https:\/\/www.fuldaernachrichten.de\/index.php?rest_route=%2Fwp%2Fv2%2Fcomments&post=171999"}],"version-history":[{"count":1,"href":"https:\/\/www.fuldaernachrichten.de\/index.php?rest_route=\/wp\/v2\/posts\/171999\/revisions"}],"predecessor-version":[{"id":172000,"href":"https:\/\/www.fuldaernachrichten.de\/index.php?rest_route=\/wp\/v2\/posts\/171999\/revisions\/172000"}],"wp:attachment":[{"href":"https:\/\/www.fuldaernachrichten.de\/index.php?rest_route=%2Fwp%2Fv2%2Fmedia&parent=171999"}],"wp:term":[{"taxonomy":"category","embeddable":true,"href":"https:\/\/www.fuldaernachrichten.de\/index.php?rest_route=%2Fwp%2Fv2%2Fcategories&post=171999"},{"taxonomy":"post_tag","embeddable":true,"href":"https:\/\/www.fuldaernachrichten.de\/index.php?rest_route=%2Fwp%2Fv2%2Ftags&post=171999"}],"curies":[{"name":"wp","href":"https:\/\/api.w.org\/{rel}","templated":true}]}}