{"id":171989,"date":"2018-02-27T19:50:32","date_gmt":"2018-02-27T18:50:32","guid":{"rendered":"http:\/\/www.fuldaer-nachrichten.de\/?p=171989"},"modified":"2018-02-27T19:50:32","modified_gmt":"2018-02-27T18:50:32","slug":"erst-der-kurs-und-dann-der-hund-kombiangebot-fuer-angehende-hundehalter%e2%80%a8","status":"publish","type":"post","link":"https:\/\/www.fuldaernachrichten.de\/?p=171989","title":{"rendered":"\u201eErst der Kurs und dann der Hund\u201c &#8211; Kombiangebot f\u00fcr angehende Hundehalter\u00e2\u20ac\u00a8"},"content":{"rendered":"<p>\u201eErst der Kurs und dann der Hund\u201c lautet der Titel des Kombi-Seminars, das bereits zum 10. Mal erfolgreich in der VHS der Stadt Fulda angeboten wird. Der Kurs umfasst insgesamt 4 Theorieabende, jeweils dienstags von 18.30 Uhr bis 20.00 Uhr in der VHS der Stadt Fulda kombiniert mit einem abschlie\u00dfenden Praxisunterricht im Tierheim Fulda. Neben umfassenden Grundkenntnissen zur Hundehaltung erhalten die Seminarteilnehmer\/innen \u00fcber das Kennenlernen und F\u00fchren verschiedener Tierheimhunde an der Leine einen ersten hautnahen Einblick im Umgang mit Hunden. Ziel des Seminars ist es, angehende und interessierte Hundehalter bei der Wahl eines optimalen Hundes zu unterst\u00fctzen und ihnen so einen verst\u00e4ndnisvollen Umgang mit dem Vierbeiner zu erm\u00f6glichen. Das Seminar beginnt am 20.03.2018. Begrenzte Teilnehmerzahl. Kursleiter ist Reinhard Spies. Anmeldung erbeten an die VHS der Stadt Fulda, Tel.-Nr. 0661 102-1477, 102-1474 oder per e-mail vhs@fulda.de<\/p>\n","protected":false},"excerpt":{"rendered":"<div class=\"tmnf_excerpt\"><p>\u201eErst der Kurs und dann der Hund\u201c lautet der Titel des Kombi-Seminars, das bereits zum 10. Mal erfolgreich in der VHS der Stadt Fulda angeboten wird. Der Kurs umfasst insgesamt 4 Theorieabende, jeweils dienstags von 18.30 Uhr bis 20.00 Uhr in der VHS der Stadt Fulda kombiniert mit einem abschlie\u00dfenden Praxisunterricht im Tierheim Fulda. Neben &hellip;<\/p>\n<\/div>","protected":false},"author":1,"featured_media":171990,"comment_status":"closed","ping_status":"closed","sticky":false,"template":"","format":"standard","meta":{"footnotes":""},"categories":[1],"tags":[],"class_list":["post-171989","post","type-post","status-publish","format-standard","has-post-thumbnail","hentry","category-startseite"],"_links":{"self":[{"href":"https:\/\/www.fuldaernachrichten.de\/index.php?rest_route=\/wp\/v2\/posts\/171989","targetHints":{"allow":["GET"]}}],"collection":[{"href":"https:\/\/www.fuldaernachrichten.de\/index.php?rest_route=\/wp\/v2\/posts"}],"about":[{"href":"https:\/\/www.fuldaernachrichten.de\/index.php?rest_route=\/wp\/v2\/types\/post"}],"author":[{"embeddable":true,"href":"https:\/\/www.fuldaernachrichten.de\/index.php?rest_route=\/wp\/v2\/users\/1"}],"replies":[{"embeddable":true,"href":"https:\/\/www.fuldaernachrichten.de\/index.php?rest_route=%2Fwp%2Fv2%2Fcomments&post=171989"}],"version-history":[{"count":1,"href":"https:\/\/www.fuldaernachrichten.de\/index.php?rest_route=\/wp\/v2\/posts\/171989\/revisions"}],"predecessor-version":[{"id":171991,"href":"https:\/\/www.fuldaernachrichten.de\/index.php?rest_route=\/wp\/v2\/posts\/171989\/revisions\/171991"}],"wp:featuredmedia":[{"embeddable":true,"href":"https:\/\/www.fuldaernachrichten.de\/index.php?rest_route=\/wp\/v2\/media\/171990"}],"wp:attachment":[{"href":"https:\/\/www.fuldaernachrichten.de\/index.php?rest_route=%2Fwp%2Fv2%2Fmedia&parent=171989"}],"wp:term":[{"taxonomy":"category","embeddable":true,"href":"https:\/\/www.fuldaernachrichten.de\/index.php?rest_route=%2Fwp%2Fv2%2Fcategories&post=171989"},{"taxonomy":"post_tag","embeddable":true,"href":"https:\/\/www.fuldaernachrichten.de\/index.php?rest_route=%2Fwp%2Fv2%2Ftags&post=171989"}],"curies":[{"name":"wp","href":"https:\/\/api.w.org\/{rel}","templated":true}]}}