{"id":171987,"date":"2018-02-27T19:49:27","date_gmt":"2018-02-27T18:49:27","guid":{"rendered":"http:\/\/www.fuldaer-nachrichten.de\/?p=171987"},"modified":"2018-02-27T19:49:27","modified_gmt":"2018-02-27T18:49:27","slug":"zusaetzliche-infoveranstaltung-am-1-maerz-in-margretenhaun-duengeverordnung-und-agrarantrag-2018","status":"publish","type":"post","link":"https:\/\/www.fuldaernachrichten.de\/?p=171987","title":{"rendered":"Zus\u00e4tzliche Infoveranstaltung am 1. M\u00e4rz in Margretenhaun &#8211; D\u00fcngeverordnung und Agrarantrag 2018"},"content":{"rendered":"<p>Aufgrund der gro\u00dfen Nachfrage bietet der Fachdienst Landwirtschaft des Landkreises Fulda zusammen mit dem Kreisbauernverband Fulda-H\u00fcnfeld e. V. eine zus\u00e4tzliche Informationsveranstaltung zu den Themen D\u00fcngeverordnung und Agrarantrag 2018 an.<\/p>\n<p>Die Veranstaltung findet am Donnerstag, den 01. M\u00e4rz 2018 um 19.30 Uhr im Gasthaus \u201eZum Gr\u00fcnen Baum\u201c in Petersberg-Margretenhaun statt.\u00e2\u20ac\u00a8Alle Antragsteller sind herzlich eingeladen.<\/p>\n","protected":false},"excerpt":{"rendered":"<div class=\"tmnf_excerpt\"><p>Aufgrund der gro\u00dfen Nachfrage bietet der Fachdienst Landwirtschaft des Landkreises Fulda zusammen mit dem Kreisbauernverband Fulda-H\u00fcnfeld e. V. eine zus\u00e4tzliche Informationsveranstaltung zu den Themen D\u00fcngeverordnung und Agrarantrag 2018 an. Die Veranstaltung findet am Donnerstag, den 01. M\u00e4rz 2018 um 19.30 Uhr im Gasthaus \u201eZum Gr\u00fcnen Baum\u201c in Petersberg-Margretenhaun statt.\u00e2\u20ac\u00a8Alle Antragsteller sind herzlich eingeladen.<\/p>\n<\/div>","protected":false},"author":1,"featured_media":0,"comment_status":"closed","ping_status":"closed","sticky":false,"template":"","format":"standard","meta":{"footnotes":""},"categories":[1],"tags":[],"class_list":["post-171987","post","type-post","status-publish","format-standard","hentry","category-startseite"],"_links":{"self":[{"href":"https:\/\/www.fuldaernachrichten.de\/index.php?rest_route=\/wp\/v2\/posts\/171987","targetHints":{"allow":["GET"]}}],"collection":[{"href":"https:\/\/www.fuldaernachrichten.de\/index.php?rest_route=\/wp\/v2\/posts"}],"about":[{"href":"https:\/\/www.fuldaernachrichten.de\/index.php?rest_route=\/wp\/v2\/types\/post"}],"author":[{"embeddable":true,"href":"https:\/\/www.fuldaernachrichten.de\/index.php?rest_route=\/wp\/v2\/users\/1"}],"replies":[{"embeddable":true,"href":"https:\/\/www.fuldaernachrichten.de\/index.php?rest_route=%2Fwp%2Fv2%2Fcomments&post=171987"}],"version-history":[{"count":1,"href":"https:\/\/www.fuldaernachrichten.de\/index.php?rest_route=\/wp\/v2\/posts\/171987\/revisions"}],"predecessor-version":[{"id":171988,"href":"https:\/\/www.fuldaernachrichten.de\/index.php?rest_route=\/wp\/v2\/posts\/171987\/revisions\/171988"}],"wp:attachment":[{"href":"https:\/\/www.fuldaernachrichten.de\/index.php?rest_route=%2Fwp%2Fv2%2Fmedia&parent=171987"}],"wp:term":[{"taxonomy":"category","embeddable":true,"href":"https:\/\/www.fuldaernachrichten.de\/index.php?rest_route=%2Fwp%2Fv2%2Fcategories&post=171987"},{"taxonomy":"post_tag","embeddable":true,"href":"https:\/\/www.fuldaernachrichten.de\/index.php?rest_route=%2Fwp%2Fv2%2Ftags&post=171987"}],"curies":[{"name":"wp","href":"https:\/\/api.w.org\/{rel}","templated":true}]}}