{"id":171976,"date":"2018-02-27T19:45:51","date_gmt":"2018-02-27T18:45:51","guid":{"rendered":"http:\/\/www.fuldaer-nachrichten.de\/?p=171976"},"modified":"2018-02-27T19:45:51","modified_gmt":"2018-02-27T18:45:51","slug":"besonderer-kreuzweg-in-rasdorf","status":"publish","type":"post","link":"https:\/\/www.fuldaernachrichten.de\/?p=171976","title":{"rendered":"Besonderer Kreuzweg in Rasdorf"},"content":{"rendered":"<p>Zu einem \u201eKreuzweg in der Natur\u201c am 04. M\u00e4rz l\u00e4dt der Pfarrgemeinderat Rasdorf ein. Beginn ist um 14 Uhr vor der Rasdorfer Stiftskirche. Auf einem ca. eineinhalbst\u00fcndigen Weg durch Rasdorf und das Umland werden gemeinsam die Kreuzwegstationen gebetet. Besonders f\u00fcr Familien ist dieser Kreuzweg geeignet, da die Kinder ihr eigenes Gebetsheftchen bekommen, welches sie zuhause anmalen und w\u00e4hrend der Fastenzeit noch \u00f6fters anschauen k\u00f6nnen. Der Kreuzweg endet beim Pfarrheim Rasdorf, Heileweg, wo alle Teilnehmerinnen und Teilnehmer zu einer gem\u00fctlichen \u201esechzehnten Station\u201c mit Kaffee. Kuchen und Gespr\u00e4chen eingeladen sind.<\/p>\n","protected":false},"excerpt":{"rendered":"<div class=\"tmnf_excerpt\"><p>Zu einem \u201eKreuzweg in der Natur\u201c am 04. M\u00e4rz l\u00e4dt der Pfarrgemeinderat Rasdorf ein. Beginn ist um 14 Uhr vor der Rasdorfer Stiftskirche. Auf einem ca. eineinhalbst\u00fcndigen Weg durch Rasdorf und das Umland werden gemeinsam die Kreuzwegstationen gebetet. Besonders f\u00fcr Familien ist dieser Kreuzweg geeignet, da die Kinder ihr eigenes Gebetsheftchen bekommen, welches sie zuhause &hellip;<\/p>\n<\/div>","protected":false},"author":1,"featured_media":171977,"comment_status":"closed","ping_status":"closed","sticky":false,"template":"","format":"standard","meta":{"footnotes":""},"categories":[1],"tags":[],"class_list":["post-171976","post","type-post","status-publish","format-standard","has-post-thumbnail","hentry","category-startseite"],"_links":{"self":[{"href":"https:\/\/www.fuldaernachrichten.de\/index.php?rest_route=\/wp\/v2\/posts\/171976","targetHints":{"allow":["GET"]}}],"collection":[{"href":"https:\/\/www.fuldaernachrichten.de\/index.php?rest_route=\/wp\/v2\/posts"}],"about":[{"href":"https:\/\/www.fuldaernachrichten.de\/index.php?rest_route=\/wp\/v2\/types\/post"}],"author":[{"embeddable":true,"href":"https:\/\/www.fuldaernachrichten.de\/index.php?rest_route=\/wp\/v2\/users\/1"}],"replies":[{"embeddable":true,"href":"https:\/\/www.fuldaernachrichten.de\/index.php?rest_route=%2Fwp%2Fv2%2Fcomments&post=171976"}],"version-history":[{"count":1,"href":"https:\/\/www.fuldaernachrichten.de\/index.php?rest_route=\/wp\/v2\/posts\/171976\/revisions"}],"predecessor-version":[{"id":171978,"href":"https:\/\/www.fuldaernachrichten.de\/index.php?rest_route=\/wp\/v2\/posts\/171976\/revisions\/171978"}],"wp:featuredmedia":[{"embeddable":true,"href":"https:\/\/www.fuldaernachrichten.de\/index.php?rest_route=\/wp\/v2\/media\/171977"}],"wp:attachment":[{"href":"https:\/\/www.fuldaernachrichten.de\/index.php?rest_route=%2Fwp%2Fv2%2Fmedia&parent=171976"}],"wp:term":[{"taxonomy":"category","embeddable":true,"href":"https:\/\/www.fuldaernachrichten.de\/index.php?rest_route=%2Fwp%2Fv2%2Fcategories&post=171976"},{"taxonomy":"post_tag","embeddable":true,"href":"https:\/\/www.fuldaernachrichten.de\/index.php?rest_route=%2Fwp%2Fv2%2Ftags&post=171976"}],"curies":[{"name":"wp","href":"https:\/\/api.w.org\/{rel}","templated":true}]}}