{"id":171958,"date":"2018-02-27T19:39:54","date_gmt":"2018-02-27T18:39:54","guid":{"rendered":"http:\/\/www.fuldaer-nachrichten.de\/?p=171958"},"modified":"2018-02-27T19:39:54","modified_gmt":"2018-02-27T18:39:54","slug":"erste-punkte-fuer-westdeutsche-meisterschaft-leistungsgruppe-der-dav-sektion-fulda-startet-in-die-neue-saison","status":"publish","type":"post","link":"https:\/\/www.fuldaernachrichten.de\/?p=171958","title":{"rendered":"Erste Punkte f\u00fcr Westdeutsche Meisterschaft &#8211; Leistungsgruppe der DAV Sektion Fulda startet in die neue Saison"},"content":{"rendered":"<p><a href=\"http:\/\/www.fuldaer-nachrichten.de\/wp-content\/uploads\/2018\/02\/DAV_BCL1.jpg\"><img fetchpriority=\"high\" decoding=\"async\" class=\"alignleft size-thumbnail wp-image-171959\" src=\"http:\/\/www.fuldaer-nachrichten.de\/wp-content\/uploads\/2018\/02\/DAV_BCL1-265x199.jpg\" alt=\"\" width=\"265\" height=\"199\" srcset=\"https:\/\/www.fuldaernachrichten.de\/wp-content\/uploads\/2018\/02\/DAV_BCL1-265x199.jpg 265w, https:\/\/www.fuldaernachrichten.de\/wp-content\/uploads\/2018\/02\/DAV_BCL1-768x576.jpg 768w, https:\/\/www.fuldaernachrichten.de\/wp-content\/uploads\/2018\/02\/DAV_BCL1-600x450.jpg 600w, https:\/\/www.fuldaernachrichten.de\/wp-content\/uploads\/2018\/02\/DAV_BCL1.jpg 900w\" sizes=\"(max-width: 265px) 100vw, 265px\" \/><\/a>Der Leistungsgruppe der DAV Sektion Fulda ist ein zufriedenstellender Start in die neue Saison gelungen: beim ersten Bouldercup 2018 in Lindlar konnten sie erste wichtige Punkte f\u00fcr die Qualifikation zur Westdeutschen Meisterschaft sammeln.<\/p>\n<p>Acht Starter der DAV Sektion Fulda waren am 3. Februar in der Kletter- und Boulderhalle in Lindlar (Nordrhein Westfalen) vor Ort, um beim ersten Bouldercup der Saison die sechs geforderten Boulder pro Kategorie zu l\u00f6sen. Die Kletterprobleme waren sehr vielseitig, anspruchsvoll, aber passend geschraubt und forderten von den Startern Kreativit\u00e4t, Feingef\u00fchl, K\u00f6rperspannung und Sprungkraft. Aufgrund der insgesamt zahlreichen Starter war die Kletterzeit trotz einer Verl\u00e4ngerung knapp bemessen, sodass auch die richtige Taktik mit entscheidend \u00fcber die Platzierung war. Zudem sorgte eine Reihe von Schiedsrichterfehlentscheidungen an einem Boulder zus\u00e4tzlich f\u00fcr Verwirrung und Einspr\u00fcche.<\/p>\n<p>Am Ende konnte sich leider kein Fuldaer Starter f\u00fcr das Finale qualifizieren, aber Clemens Koch und Benjamin Koch f\u00fcllten durch jeweils zwei Tops (Erreichen des Abschlussgriffes) und (fast) alle Bonuswertungen ihr Punktekonto f\u00fcr die Qualifikation zur Westdeutschen Meisterschaft. Jetzt hei\u00dft es f\u00fcr die beiden, bei den Bouldercups in Hessen und Rheinland-Pfalz noch nachzulegen, um ihre Positionen zu behaupten. Insgesamt war es aber ein zufriedenstellender Start in die Saison, der noch Entwicklungspotential nach oben bereit h\u00e4lt.<\/p>\n","protected":false},"excerpt":{"rendered":"<div class=\"tmnf_excerpt\"><p>Der Leistungsgruppe der DAV Sektion Fulda ist ein zufriedenstellender Start in die neue Saison gelungen: beim ersten Bouldercup 2018 in Lindlar konnten sie erste wichtige Punkte f\u00fcr die Qualifikation zur Westdeutschen Meisterschaft sammeln. Acht Starter der DAV Sektion Fulda waren am 3. Februar in der Kletter- und Boulderhalle in Lindlar (Nordrhein Westfalen) vor Ort, um &hellip;<\/p>\n<\/div>","protected":false},"author":1,"featured_media":171960,"comment_status":"closed","ping_status":"closed","sticky":false,"template":"","format":"standard","meta":{"footnotes":""},"categories":[1],"tags":[],"class_list":["post-171958","post","type-post","status-publish","format-standard","has-post-thumbnail","hentry","category-startseite"],"_links":{"self":[{"href":"https:\/\/www.fuldaernachrichten.de\/index.php?rest_route=\/wp\/v2\/posts\/171958","targetHints":{"allow":["GET"]}}],"collection":[{"href":"https:\/\/www.fuldaernachrichten.de\/index.php?rest_route=\/wp\/v2\/posts"}],"about":[{"href":"https:\/\/www.fuldaernachrichten.de\/index.php?rest_route=\/wp\/v2\/types\/post"}],"author":[{"embeddable":true,"href":"https:\/\/www.fuldaernachrichten.de\/index.php?rest_route=\/wp\/v2\/users\/1"}],"replies":[{"embeddable":true,"href":"https:\/\/www.fuldaernachrichten.de\/index.php?rest_route=%2Fwp%2Fv2%2Fcomments&post=171958"}],"version-history":[{"count":1,"href":"https:\/\/www.fuldaernachrichten.de\/index.php?rest_route=\/wp\/v2\/posts\/171958\/revisions"}],"predecessor-version":[{"id":171961,"href":"https:\/\/www.fuldaernachrichten.de\/index.php?rest_route=\/wp\/v2\/posts\/171958\/revisions\/171961"}],"wp:featuredmedia":[{"embeddable":true,"href":"https:\/\/www.fuldaernachrichten.de\/index.php?rest_route=\/wp\/v2\/media\/171960"}],"wp:attachment":[{"href":"https:\/\/www.fuldaernachrichten.de\/index.php?rest_route=%2Fwp%2Fv2%2Fmedia&parent=171958"}],"wp:term":[{"taxonomy":"category","embeddable":true,"href":"https:\/\/www.fuldaernachrichten.de\/index.php?rest_route=%2Fwp%2Fv2%2Fcategories&post=171958"},{"taxonomy":"post_tag","embeddable":true,"href":"https:\/\/www.fuldaernachrichten.de\/index.php?rest_route=%2Fwp%2Fv2%2Ftags&post=171958"}],"curies":[{"name":"wp","href":"https:\/\/api.w.org\/{rel}","templated":true}]}}