{"id":1716,"date":"2007-02-20T16:01:33","date_gmt":"2007-02-20T15:01:33","guid":{"rendered":"http:\/\/www.schoene-nachrichten.de\/?p=1716"},"modified":"2007-02-20T16:01:54","modified_gmt":"2007-02-20T15:01:54","slug":"stadt-stellt-broschuere-willkommen-in-fulda-vor","status":"publish","type":"post","link":"https:\/\/www.fuldaernachrichten.de\/?p=1716","title":{"rendered":"Stadt stellt Brosch\u00fcre \u201eWillkommen in Fulda\u201c vor"},"content":{"rendered":"<p><strong>Sch\u00f6nes aus Fulda.<\/strong> Klein, handlich, \u00fcbersichtlich und mit viel Information,\u00c2\u00a0so pr\u00e4sentiert sich die neueste Brosch\u00fcre, die die Stadt Fulda\u00c2\u00a0herausgegeben hat. Auf 32 Seiten wendet sich die Verwaltung an\u00c2\u00a0Neub\u00fcrger, um sie \u00fcber \u201eWissenswertes kompakt und \u00fcbersichtlich\u201c zu\u00c2\u00a0 informieren, wie der Titel verspricht. Von Zahlen und Fakten \u00fcber Sehensw\u00fcrdigkeiten,\u00c2\u00a0Verkehrsanbindungen bis hin zu st\u00e4dtischen Serviceangeboten im\u00c2\u00a0B\u00fcrgerb\u00fcro reicht die breite Palette von Informationen.<\/p>\n<p><!--more-->Das Konzept des Neub\u00fcrgermagazins, das gemeinsam vom B\u00fcrgerb\u00fcro und der\u00c2\u00a0Magistratspressestelle erarbeitet worden ist, ist nicht nur inhaltlich und gestalterisch neu, sondern h\u00e4lt f\u00fcr \u201eNeu-Fuldaer\u201c ein kleines \u201eBonbon\u201c bereit: Einen Gutschein f\u00fcr einen Besuch im Stadtbad Esperanto f\u00fcr die ganze Familie.<\/p>\n<p>Warum ein neues Magazin? Und warum ein Gutschein? \u201eWir hatten leider keine ad\u00e4quate Brosch\u00fcre f\u00fcr Neub\u00fcrger\u201c, begr\u00fcndet Fuldas Oberb\u00fcrgermeister Gerhard M\u00f6ller seine Entscheidung, neue Wege zu\u00c2\u00a0gehen. So habe es in der Vergangenheit ein Informationsheft f\u00fcr\u00c2\u00a0 Neub\u00fcrger gegeben, das aber vor Jahren in seiner damaligen Form\u00c2\u00a0 aufgegeben worden und in einem Produkt externer Anbieter aufgegangen\u00c2\u00a0<br \/>\nist.<\/p>\n<p>Seither habe etwas ganz Wesentliches gefehlt, meint M\u00f6ller,\u00c2\u00a0\u201edenn wir wollen diejenigen, die in unsere Stadt kommen, um hier zu\u00c2\u00a0wohnen und zu leben, schnell und umfassend informieren.\u201c Diesen Zweck\u00c2\u00a0 erf\u00fcllt nun das Magazin \u201eWillkommen in Fulda\u201c, das von der heimischen\u00c2\u00a0Agentur Greb &amp; Friends gestaltet und umgesetzt worden ist.<\/p>\n<p>Dem\u00c2\u00a0 Redaktionsteam, B\u00fcrgerb\u00fcroleiterin Erika Gl\u00fcckler und\u00c2\u00a0 Pressestellenleiter Michael Schwab, dankte M\u00f6ller f\u00fcr die \u201egelungene\u00c2\u00a0 Idee.\u201c Besonders gut habe ihm auch der Ansatz gefallen, Prominente\u00c2\u00a0wie Dr. Ellen Uebersch\u00e4r, Generalsekret\u00e4rin des Deutschen Evangelischen\u00c2\u00a0Kirchentags,\u00c2\u00a0Kardinal Karl Lehmann oder BAP-Star Wolfgang Niedecken f\u00fcr ein Statement zu Fulda zu gewinnen.<\/p>\n","protected":false},"excerpt":{"rendered":"<div class=\"tmnf_excerpt\"><p>Sch\u00f6nes aus Fulda. Klein, handlich, \u00fcbersichtlich und mit viel Information,\u00c2\u00a0so pr\u00e4sentiert sich die neueste Brosch\u00fcre, die die Stadt Fulda\u00c2\u00a0herausgegeben hat. Auf 32 Seiten wendet sich die Verwaltung an\u00c2\u00a0Neub\u00fcrger, um sie \u00fcber \u201eWissenswertes kompakt und \u00fcbersichtlich\u201c zu\u00c2\u00a0 informieren, wie der Titel verspricht. Von Zahlen und Fakten \u00fcber Sehensw\u00fcrdigkeiten,\u00c2\u00a0Verkehrsanbindungen bis hin zu st\u00e4dtischen Serviceangeboten im\u00c2\u00a0B\u00fcrgerb\u00fcro reicht die &hellip;<\/p>\n<\/div>","protected":false},"author":1,"featured_media":0,"comment_status":"closed","ping_status":"closed","sticky":false,"template":"","format":"standard","meta":{"footnotes":""},"categories":[1,44],"tags":[],"class_list":["post-1716","post","type-post","status-publish","format-standard","hentry","category-startseite","category-kultur"],"_links":{"self":[{"href":"https:\/\/www.fuldaernachrichten.de\/index.php?rest_route=\/wp\/v2\/posts\/1716","targetHints":{"allow":["GET"]}}],"collection":[{"href":"https:\/\/www.fuldaernachrichten.de\/index.php?rest_route=\/wp\/v2\/posts"}],"about":[{"href":"https:\/\/www.fuldaernachrichten.de\/index.php?rest_route=\/wp\/v2\/types\/post"}],"author":[{"embeddable":true,"href":"https:\/\/www.fuldaernachrichten.de\/index.php?rest_route=\/wp\/v2\/users\/1"}],"replies":[{"embeddable":true,"href":"https:\/\/www.fuldaernachrichten.de\/index.php?rest_route=%2Fwp%2Fv2%2Fcomments&post=1716"}],"version-history":[{"count":0,"href":"https:\/\/www.fuldaernachrichten.de\/index.php?rest_route=\/wp\/v2\/posts\/1716\/revisions"}],"wp:attachment":[{"href":"https:\/\/www.fuldaernachrichten.de\/index.php?rest_route=%2Fwp%2Fv2%2Fmedia&parent=1716"}],"wp:term":[{"taxonomy":"category","embeddable":true,"href":"https:\/\/www.fuldaernachrichten.de\/index.php?rest_route=%2Fwp%2Fv2%2Fcategories&post=1716"},{"taxonomy":"post_tag","embeddable":true,"href":"https:\/\/www.fuldaernachrichten.de\/index.php?rest_route=%2Fwp%2Fv2%2Ftags&post=1716"}],"curies":[{"name":"wp","href":"https:\/\/api.w.org\/{rel}","templated":true}]}}