{"id":170616,"date":"2017-12-30T10:06:43","date_gmt":"2017-12-30T09:06:43","guid":{"rendered":"http:\/\/www.fuldaer-nachrichten.de\/?p=170616"},"modified":"2017-12-30T10:06:43","modified_gmt":"2017-12-30T09:06:43","slug":"warmer-weihnachtsregen-alsfeld-bewegt-verteilt-11-000-euro-an-vereine-und-einrichtungen","status":"publish","type":"post","link":"https:\/\/www.fuldaernachrichten.de\/?p=170616","title":{"rendered":"Warmer Weihnachtsregen: Alsfeld bewegt verteilt 11.000 Euro an Vereine und Einrichtungen"},"content":{"rendered":"<p>\u201eAlsfeld bewegt\u201c kennt inzwischen so ziemlich jeder in Alsfeld. Kein Wunder, organisieren die Veranstalter und Mitwirkenden doch alle zwei Jahre ein Charity-Lauf-Event in Alsfeld, das inzwischen mit der vierten Auflage weit \u00fcber die Grenzen der Fachwerkstadt hinaus bekannt ist und von Mal zu Mal mehr Besucher und mehr L\u00e4ufer anlockt. Und damit steigen am Ende auch Umsatz und Erl\u00f6s: Stolze 11.000 Euro blieben in diesem Jahr \u00fcbrig, die das Orga-Team zu verteilen hatte \u2013 keine leichte Aufgabe, standen dieser Summe doch Projektanfragen in sechsfacher H\u00f6he gegen\u00fcber. \u201eAlle Projekttr\u00e4ger, die sich bei uns beworben haben, h\u00e4tten nat\u00fcrlich eine F\u00f6rderung verdient\u201c, unterstricht Alsfeld-bewegt-Initiator Achim Spychalski-Merle anl\u00e4sslich der Spenden\u00fcbergabe kurz vor Weihnachten, \u201eaber das war nun trotz unseres guten Erl\u00f6ses leider nicht m\u00f6glich.\u201c So hatte man sich im Orga-Team zusammengesetzt und aus allen Bewerbungen acht Institutionen ausgew\u00e4hlt.<\/p>\n<p>Deren Vertreter zahlreich der Einladung zur Scheck\u00fcbergabe in die R\u00e4ume des Kooperationspartners, des Fitness-Studios View 24, gekommen, um sich ihren warmen Weihnachtsregen abzuholen: Bedacht wurden der TV Alsfeld, der SV Altenburg, der F\u00f6rderverein der Kindertagesst\u00e4tte Krebsbach, der SV 06 Alsfeld, das Haus Wildg\u00e4nse, die DLRG Alsfeld, der Sch\u00fctzenverein Ober-Breidenbach und der TV\/VfR Gro\u00df-Felda. Dass die beiden Erstgenannten zum wiederholten Male auf der Empf\u00e4ngerliste stehen, erkl\u00e4rte Spychalski-Merle mit der Tatsache, dass aus diesen Vereinen gro\u00dfe Anstrengungen unternommen w\u00fcrden, um den Lauf zu unterst\u00fctzen. Viele ihrer Mitglieder sind am Lauftag an den unterschiedlichsten Stellen eingesetzt. \u201e\u00dcberhaupt ist dieses Ergebnis nicht das Verdienst unseres kleinen Orga-Teams\u201c, stellte Spychalski-Merle klar, \u201esondern eine Gemeinschaftsleistung vieler ehrenamtlich t\u00e4tiger Menschen, die sich hier jedes Mal mit viel Begeisterung und Tatendrang einsetzen.\u201c Diese Leistung w\u00fcrdigte auch B\u00fcrgermeister Stephan Paule, der als Schirmherr von Alsfeld bewegt dieser sch\u00f6nen Veranstaltung selbstverst\u00e4ndlich beiwohnte. \u201eDer Lauf hat inzwischen nicht nur einen festen Platz in den Terminkalendern der Unternehmen und Beh\u00f6rden der Region\u201c, lobte der Rathauschef, \u201esondern er ist zu einem weiteren identit\u00e4tsstiftenden Element f\u00fcr Alsfeld geworden.\u201c<\/p>\n<p>Mit den Zuwendungen in unterschiedlicher H\u00f6he k\u00f6nnen nun an den verschiedenen Stellen Ger\u00e4te, Hilfsmittel und Ausstattung bereitgestellt werden, \u00fcber die sich insbesondere die Kinder freuen werden, denen dies zugutekommt: Der TVA wird f\u00fcr seine Kinder und Jugendlichen einen zus\u00e4tzlichen Raum ausbauen, der SV Altenburg will eine Fluchtlichtanlage f\u00fcr den Jugend-Trainingsplatz anschaffen. Den Bewegungsraum der Kindertagesst\u00e4tte Krebsbach wird bald eine Rollenrutschbahn bereichern. Es wird einen neuen Trikotsatz f\u00fcr die Jugendmannschaften des SV 06 geben; im Haus Wildg\u00e4nse stehen Mountainbikes auf dem Wunschzettel. Die DLRG ben\u00f6tigt neues Ausbildungsmaterial, und der Sch\u00fctzenverein Ober-Breidenbach schafft ein Lichtgewehr sowie Materialien f\u00fcr das Konzentrationstraining an. Mehr Licht gibt es schlie\u00dflich auch f\u00fcr den TV\/VfR Gro\u00df-Felda: Hier wird die Fluchtlichtanlage am Sportplatz erneuert, der auch als Landeplatz f\u00fcr Rettungshubschrauber dient. \u201eEs handelt sich um viele sehr verschiedene, sehr sinnvolle Projekte, die Sport und Bewegung bei Kindern und Jugendlichen f\u00f6rdern. Und genau das ist es, was Alsfeld bewegt will\u201c, freute sich Spychalski-Merle stellvertretend f\u00fcr seine Mitstreiter.<\/p>\n<p>Und weil man schon mal so sch\u00f6n beisammen war, wurden auch gleich noch die errungenen Pokale und Auszeichnungen \u00fcberreicht: Das Team School Brothers von der Geschwister-Scholl-Schule freute sich mit Leon Eilts \u00fcber den schnellsten L\u00e4ufer 2017 aus seinen Reihen, das Team Sparkasse wurde f\u00fcr die schnellste Frau, Astrid Staubach, ausgezeichnet. Gr\u00f6\u00dftes Team waren die \u201eGesundmacher\u201c vom Alsfelder Kreiskrankenhaus, und als Team mit dem kreativsten Namen wurden die \u201eDeisenRoadRunners\u201c ausgezeichnet.<\/p>\n<p>Alsfeld bewegt \u2013 und das in vielerlei Hinsicht, wie an diesem Abend einmal mehr deutlich wurde. Und damit das so bleibt, werden nach einer kurzen Verschnaufpause dann auch bald schon wieder die Vorbereitungen f\u00fcr 2019 starten.<\/p>\n","protected":false},"excerpt":{"rendered":"<div class=\"tmnf_excerpt\"><p>\u201eAlsfeld bewegt\u201c kennt inzwischen so ziemlich jeder in Alsfeld. Kein Wunder, organisieren die Veranstalter und Mitwirkenden doch alle zwei Jahre ein Charity-Lauf-Event in Alsfeld, das inzwischen mit der vierten Auflage weit \u00fcber die Grenzen der Fachwerkstadt hinaus bekannt ist und von Mal zu Mal mehr Besucher und mehr L\u00e4ufer anlockt. Und damit steigen am Ende &hellip;<\/p>\n<\/div>","protected":false},"author":1,"featured_media":170617,"comment_status":"closed","ping_status":"closed","sticky":false,"template":"","format":"standard","meta":{"footnotes":""},"categories":[1],"tags":[],"class_list":["post-170616","post","type-post","status-publish","format-standard","has-post-thumbnail","hentry","category-startseite"],"_links":{"self":[{"href":"https:\/\/www.fuldaernachrichten.de\/index.php?rest_route=\/wp\/v2\/posts\/170616","targetHints":{"allow":["GET"]}}],"collection":[{"href":"https:\/\/www.fuldaernachrichten.de\/index.php?rest_route=\/wp\/v2\/posts"}],"about":[{"href":"https:\/\/www.fuldaernachrichten.de\/index.php?rest_route=\/wp\/v2\/types\/post"}],"author":[{"embeddable":true,"href":"https:\/\/www.fuldaernachrichten.de\/index.php?rest_route=\/wp\/v2\/users\/1"}],"replies":[{"embeddable":true,"href":"https:\/\/www.fuldaernachrichten.de\/index.php?rest_route=%2Fwp%2Fv2%2Fcomments&post=170616"}],"version-history":[{"count":1,"href":"https:\/\/www.fuldaernachrichten.de\/index.php?rest_route=\/wp\/v2\/posts\/170616\/revisions"}],"predecessor-version":[{"id":170618,"href":"https:\/\/www.fuldaernachrichten.de\/index.php?rest_route=\/wp\/v2\/posts\/170616\/revisions\/170618"}],"wp:featuredmedia":[{"embeddable":true,"href":"https:\/\/www.fuldaernachrichten.de\/index.php?rest_route=\/wp\/v2\/media\/170617"}],"wp:attachment":[{"href":"https:\/\/www.fuldaernachrichten.de\/index.php?rest_route=%2Fwp%2Fv2%2Fmedia&parent=170616"}],"wp:term":[{"taxonomy":"category","embeddable":true,"href":"https:\/\/www.fuldaernachrichten.de\/index.php?rest_route=%2Fwp%2Fv2%2Fcategories&post=170616"},{"taxonomy":"post_tag","embeddable":true,"href":"https:\/\/www.fuldaernachrichten.de\/index.php?rest_route=%2Fwp%2Fv2%2Ftags&post=170616"}],"curies":[{"name":"wp","href":"https:\/\/api.w.org\/{rel}","templated":true}]}}