{"id":170610,"date":"2017-12-30T10:04:09","date_gmt":"2017-12-30T09:04:09","guid":{"rendered":"http:\/\/www.fuldaer-nachrichten.de\/?p=170610"},"modified":"2017-12-30T10:04:09","modified_gmt":"2017-12-30T09:04:09","slug":"15-symposion-der-theologischen-fakultaet","status":"publish","type":"post","link":"https:\/\/www.fuldaernachrichten.de\/?p=170610","title":{"rendered":"15. Symposion der Theologischen Fakult\u00e4t"},"content":{"rendered":"<p>\u201eVergiss die Alten nicht\u201c lautet das Thema des 15. Symposion am Samstag, 20. Januar, in der Theologischen Fakult\u00e4t Fulda (Eduard-Schick-Platz 2), das von 9 bis 16:30 Uhr stattfindet. Prof. Dr. Andreas Kruse, lange Zeit verantwortlich f\u00fcr den Altenbericht der Bundesregierung, gibt einen Einblick in die Arbeit des Altenberichts, die Herausforderung f\u00fcr gesellschaftliches und kirchliches Handeln. Dr. Peter Bromkamp aus K\u00f6ln, Di\u00f6zesanreferent und Sozialgerontologe, gibt eine \u00dcbersicht \u00fcber die ver\u00e4nderte Pastoral mit Senioren in unserer Kirche. In Arbeitsgruppen geht es unter anderem um Themen wie Gottesdienst mit dementen Menschen, Qualit\u00e4t in Altenhilfeeinrichtungen, sozialraumorientierte Altenhilfe, Biographiearbeit, \u00dcbergang vom Berufsleben zur n\u00e4chsten Lebensphase. Dieses Symposion gibt wertvolle Anregungen f\u00fcr Menschen, die hauptberuflich oder ehrenamtlich oder einfach aus pers\u00f6nlichem Interesse sich dem Thema stellen m\u00f6chten. Um Anmeldung wird bis 10. Januar per E-Mail an kunz@thf-fulda.de oder telefonisch unter 0661\/87220 gebeten. Die Tagungsgeb\u00fchr betr\u00e4gt 15 Euro.<\/p>\n","protected":false},"excerpt":{"rendered":"<div class=\"tmnf_excerpt\"><p>\u201eVergiss die Alten nicht\u201c lautet das Thema des 15. Symposion am Samstag, 20. Januar, in der Theologischen Fakult\u00e4t Fulda (Eduard-Schick-Platz 2), das von 9 bis 16:30 Uhr stattfindet. Prof. Dr. Andreas Kruse, lange Zeit verantwortlich f\u00fcr den Altenbericht der Bundesregierung, gibt einen Einblick in die Arbeit des Altenberichts, die Herausforderung f\u00fcr gesellschaftliches und kirchliches Handeln. &hellip;<\/p>\n<\/div>","protected":false},"author":1,"featured_media":0,"comment_status":"closed","ping_status":"closed","sticky":false,"template":"","format":"standard","meta":{"footnotes":""},"categories":[1],"tags":[],"class_list":["post-170610","post","type-post","status-publish","format-standard","hentry","category-startseite"],"_links":{"self":[{"href":"https:\/\/www.fuldaernachrichten.de\/index.php?rest_route=\/wp\/v2\/posts\/170610","targetHints":{"allow":["GET"]}}],"collection":[{"href":"https:\/\/www.fuldaernachrichten.de\/index.php?rest_route=\/wp\/v2\/posts"}],"about":[{"href":"https:\/\/www.fuldaernachrichten.de\/index.php?rest_route=\/wp\/v2\/types\/post"}],"author":[{"embeddable":true,"href":"https:\/\/www.fuldaernachrichten.de\/index.php?rest_route=\/wp\/v2\/users\/1"}],"replies":[{"embeddable":true,"href":"https:\/\/www.fuldaernachrichten.de\/index.php?rest_route=%2Fwp%2Fv2%2Fcomments&post=170610"}],"version-history":[{"count":1,"href":"https:\/\/www.fuldaernachrichten.de\/index.php?rest_route=\/wp\/v2\/posts\/170610\/revisions"}],"predecessor-version":[{"id":170611,"href":"https:\/\/www.fuldaernachrichten.de\/index.php?rest_route=\/wp\/v2\/posts\/170610\/revisions\/170611"}],"wp:attachment":[{"href":"https:\/\/www.fuldaernachrichten.de\/index.php?rest_route=%2Fwp%2Fv2%2Fmedia&parent=170610"}],"wp:term":[{"taxonomy":"category","embeddable":true,"href":"https:\/\/www.fuldaernachrichten.de\/index.php?rest_route=%2Fwp%2Fv2%2Fcategories&post=170610"},{"taxonomy":"post_tag","embeddable":true,"href":"https:\/\/www.fuldaernachrichten.de\/index.php?rest_route=%2Fwp%2Fv2%2Ftags&post=170610"}],"curies":[{"name":"wp","href":"https:\/\/api.w.org\/{rel}","templated":true}]}}