{"id":170601,"date":"2017-12-31T17:00:41","date_gmt":"2017-12-31T16:00:41","guid":{"rendered":"http:\/\/www.fuldaer-nachrichten.de\/?p=170601"},"modified":"2017-12-28T16:15:51","modified_gmt":"2017-12-28T15:15:51","slug":"sorge-um-priesterliche-berufungen-silvestergottesdienst-im-fuldaer-dom","status":"publish","type":"post","link":"https:\/\/www.fuldaernachrichten.de\/?p=170601","title":{"rendered":"Sorge um priesterliche Berufungen &#8211; Silvestergottesdienst im Fuldaer Dom"},"content":{"rendered":"<p>Den dramatischen Mangel an priesterlichen Berufungen, der auch im Bistum Fulda sp\u00fcrbar sei, bereitet Bischof Heinz Josef Algermissen gro\u00dfe Sorgen. Dies machte der Oberhirte am Sonntagabend in seiner Silvesterpredigt im Fuldaer Dom deutlich. \u201eWir leben als Christen nicht aus uns selbst, sondern von Jesus Christus, und darum versammeln wir uns besonders am Sonntag, um in Treue zu seinem Verm\u00e4chtnis und Auftrag seinen Tod zu verk\u00fcnden und seine Auferstehung zu preisen.\u201c Diese Quelle der Kirche, aus der sie sich immer wieder erneuere, und gleichzeitig der H\u00f6hepunkt dessen, was sie zu feiern imstande sei, \u201eist ohne den priesterlichen Dienst nicht m\u00f6glich\u201c, betonte Algermissen. Ein Priester k\u00f6nne nur durch einen anderen Priester ersetzt werden, und ohne ihn k\u00f6nne die Eucharistie als Herzst\u00fcck der Kirche nicht gefeiert werden. \u201eOhne Eucharistie verliert aber die Welt die leibliche Gegenwart Christi. Kirche ohne Eucharistie ist ein Widerspruch in sich selbst.\u201c Der Bischof fragte, ob etwa der Ruf Jesu Christi keine Antwort mehr finde oder die schwere Krise des Glaubens und des Vertrauens in dieser Gesellschaft junge Menschen davon abhalte, in der Berufung zum Priester ein erstrebenswertes Ziel zu sehen.<\/p>\n<p>Tats\u00e4chlich gebe es immer wieder Interessierte, die die Anmeldung zum Theologiestudium im Grunde wollten, dann aber doch den Mut \u201eim Gegenwind\u201c verl\u00f6ren. Bei vielen Katholiken sei durchaus der Wunsch nach Priesterberufungen lebendig, und sie beteten daf\u00fcr, aber ohne dass man dabei auf die eigene Familie schauen w\u00fcrde. \u201eWenn dann wirklich ein Sohn Priester werden m\u00f6chte, hat er bei Eltern und Geschwistern den st\u00e4rksten Widerstand.\u201c Ein Bischof k\u00f6nne indes Priester \u201enicht aus dem \u00c4rmel sch\u00fctteln\u201c. Algermissen unterstrich, er kenne ich junge Menschen, die eine Berufung in sich tr\u00fcgen, dabei aber eben keine Ermutigung in ihrer Familie, in Schule und Gemeinde erf\u00fchren, \u201esodass der Ruf Christi ungeh\u00f6rt versickert\u201c. Er zeigte sich \u00fcberzeugt, dass Gott f\u00fcr seine Kirche gen\u00fcgend Priester berufe. \u201eEs ist an uns, M\u00f6glichkeiten zu schaffen, damit dieser Ruf nicht abgew\u00fcrgt wird.\u201c Der Bischof bat die Gl\u00e4ubigen darum, sich die Sorge um Berufungen zu eigen zu machen.<\/p>\n<p>Der Abend von Silvester verlange nach Vergewisserung und Halt, \u201edamit uns auf dem Weg in die Zukunft das Vertrauen auf Gottes f\u00fchrende Begleitung nicht abhandenkommt\u201c, hatte Bischof Algermissen zu Beginn seiner Predigt betont. \u201eIn solchen Stunden sp\u00fcren wir unwillk\u00fcrlich, dass Zeit zu Ende geht.\u201c Das Heilsereignis, dass Gott in Jesus Christus in Raum und Zeit kam und seitdem Anteil nehme am menschlichen Leben, sei \u201eAngelpunkt der ganzen Menschheitsgeschichte\u201c und \u201edie gro\u00dfe Zeitenwende\u201c. Die daraus folgende Hoffnungsperspektive sei viel mehr als blo\u00dfe Zuversicht. \u201eAus dieser inneren Quelle lebten und dienten im zu Ende gehenden Jahr 2017 viele in unserem Bistum, die ich bei meinen Pastoralbesuchen in den Gemeinden vor Ort getroffen habe. Daf\u00fcr bin ich sehr dankbar.\u201c<\/p>\n<p>Algermissen erw\u00e4hnte besonders die Frauen und M\u00e4nner in den R\u00e4ten und Verb\u00e4nden, den Orden und Geistlichen Gemeinschaften. \u201eAuch ihnen ist es zu verdanken, dass ich zu Pfingsten dieses Jahres die Strategischen Ziele 2030 zur Ausrichtung der Pastoral im Bistum Fulda in Kraft setzen konnte: ein wichtiger Schritt auf dem Weg in die Zukunft und das Resultat eines seit 2002 w\u00e4hrenden pastoralen Prozesses, der auf die ge\u00e4nderten pastoralen und gesellschaftlichen Bedingungen antwortet.\u201c Dabei unterst\u00fctze der allerdings die Einsicht von Papst Benedikt XVI., in seiner Freiburger Rede w\u00e4hrend des Deutschlandbesuchs im September 2011 zur Sprache gebracht: \u201eWenn wir nicht zu einer wirklichen Erneuerung des Glaubens finden, wird alle strukturelle Reform wirkungslos bleiben.\u201c Bischof Algermissen dankte auch den Menschen, die sich in den Kirchengemeinden f\u00fcr Menschen in Krankheit und Not zumeist still und unerkannt einsetzten. \u201eIhr Engagement erinnert uns daran, dass unsere festlichen Gottesdienste ohne konsequenten Dienst am N\u00e4chsten nur \u00e4u\u00dferliches Spiel blieben\u201c, gab er zu bedenken.<\/p>\n","protected":false},"excerpt":{"rendered":"<div class=\"tmnf_excerpt\"><p>Den dramatischen Mangel an priesterlichen Berufungen, der auch im Bistum Fulda sp\u00fcrbar sei, bereitet Bischof Heinz Josef Algermissen gro\u00dfe Sorgen. Dies machte der Oberhirte am Sonntagabend in seiner Silvesterpredigt im Fuldaer Dom deutlich. \u201eWir leben als Christen nicht aus uns selbst, sondern von Jesus Christus, und darum versammeln wir uns besonders am Sonntag, um in &hellip;<\/p>\n<\/div>","protected":false},"author":1,"featured_media":0,"comment_status":"closed","ping_status":"closed","sticky":false,"template":"","format":"standard","meta":{"footnotes":""},"categories":[1],"tags":[],"class_list":["post-170601","post","type-post","status-publish","format-standard","hentry","category-startseite"],"_links":{"self":[{"href":"https:\/\/www.fuldaernachrichten.de\/index.php?rest_route=\/wp\/v2\/posts\/170601","targetHints":{"allow":["GET"]}}],"collection":[{"href":"https:\/\/www.fuldaernachrichten.de\/index.php?rest_route=\/wp\/v2\/posts"}],"about":[{"href":"https:\/\/www.fuldaernachrichten.de\/index.php?rest_route=\/wp\/v2\/types\/post"}],"author":[{"embeddable":true,"href":"https:\/\/www.fuldaernachrichten.de\/index.php?rest_route=\/wp\/v2\/users\/1"}],"replies":[{"embeddable":true,"href":"https:\/\/www.fuldaernachrichten.de\/index.php?rest_route=%2Fwp%2Fv2%2Fcomments&post=170601"}],"version-history":[{"count":1,"href":"https:\/\/www.fuldaernachrichten.de\/index.php?rest_route=\/wp\/v2\/posts\/170601\/revisions"}],"predecessor-version":[{"id":170604,"href":"https:\/\/www.fuldaernachrichten.de\/index.php?rest_route=\/wp\/v2\/posts\/170601\/revisions\/170604"}],"wp:attachment":[{"href":"https:\/\/www.fuldaernachrichten.de\/index.php?rest_route=%2Fwp%2Fv2%2Fmedia&parent=170601"}],"wp:term":[{"taxonomy":"category","embeddable":true,"href":"https:\/\/www.fuldaernachrichten.de\/index.php?rest_route=%2Fwp%2Fv2%2Fcategories&post=170601"},{"taxonomy":"post_tag","embeddable":true,"href":"https:\/\/www.fuldaernachrichten.de\/index.php?rest_route=%2Fwp%2Fv2%2Ftags&post=170601"}],"curies":[{"name":"wp","href":"https:\/\/api.w.org\/{rel}","templated":true}]}}