{"id":170559,"date":"2017-12-28T10:32:37","date_gmt":"2017-12-28T09:32:37","guid":{"rendered":"http:\/\/www.fuldaer-nachrichten.de\/?p=170559"},"modified":"2017-12-28T10:32:37","modified_gmt":"2017-12-28T09:32:37","slug":"eduard-stieler-schule-unterstuetzt-kinderheim-in-aequatorialguinea","status":"publish","type":"post","link":"https:\/\/www.fuldaernachrichten.de\/?p=170559","title":{"rendered":"Eduard-Stieler-Schule unterst\u00fctzt Kinderheim in \u00c4quatorialguinea"},"content":{"rendered":"<p><a href=\"http:\/\/www.fuldaer-nachrichten.de\/wp-content\/uploads\/2017\/12\/Bild-3.jpg\"><img fetchpriority=\"high\" decoding=\"async\" src=\"http:\/\/www.fuldaer-nachrichten.de\/wp-content\/uploads\/2017\/12\/Bild-3-265x216.jpg\" alt=\"\" width=\"265\" height=\"216\" class=\"alignleft size-thumbnail wp-image-170566\" srcset=\"https:\/\/www.fuldaernachrichten.de\/wp-content\/uploads\/2017\/12\/Bild-3-265x216.jpg 265w, https:\/\/www.fuldaernachrichten.de\/wp-content\/uploads\/2017\/12\/Bild-3-768x625.jpg 768w, https:\/\/www.fuldaernachrichten.de\/wp-content\/uploads\/2017\/12\/Bild-3-600x489.jpg 600w, https:\/\/www.fuldaernachrichten.de\/wp-content\/uploads\/2017\/12\/Bild-3.jpg 900w\" sizes=\"(max-width: 265px) 100vw, 265px\" \/><\/a>Die Sch\u00fclervertretung der Eduard-Stieler-Schule (SV) hat in der Vorweihnachtszeit eine Spendenaktion durchgef\u00fchrt, bei der die Sch\u00fclerinnen und Sch\u00fcler der Schule ihre noch benutzbaren Spielsachen, Mal- und Zeichenutensilien, aber auch Erste-Hilfe-K\u00e4sten und Verbandsmaterial spenden konnten. Die Spendenaktion wurde durch den Vertrauenslehrer Rene-Andre Kohl initiiert, da er durch seine ehemalige Sch\u00fclerin, Lea Stier, die neben ihrem Studium bei der Lufthansa als Stewardess arbeitet, auf deren Hilferuf bei Instagram aufmerksam wurde. Die 24j\u00e4hrige hatte bei einem Stopover in Malabo, der Hauptstadt des afrikanischen Landes, im Rahmen des Angebotes der Lufthansa ein Kinder- und Waisenhaus besucht, in dem die Kinder \u201ein sehr einfachen Verh\u00e4ltnissen\u201c leben. Auf die Aufforderung, man solle sich melden, wenn man etwas spenden wolle, da Lea Stier wieder in das Land reisen wolle, um die Kinder zu unterst\u00fctzen, hat sich ihr ehemaliger Lehrer spontan gemeldet. In einer Sitzung der SV hat er das Projekt angesprochen und stie\u00df sofort auf breite Zustimmung bei den Vertretern der Sch\u00fclerschaft, weil man hier direkt und unkompliziert die Sachspenden an die Betroffenen \u00fcbergeben k\u00f6nnte. In engagierter Detailarbeit st\u00fcrzten sich die Sch\u00fclervertreterinnen und \u2013vertreter auf das Entwerfen eines Plakates, nachdem Lea Stier in einem kurzen Vortrag vor der SV und dem Schulleiter J\u00f6rg Demuth ihre Emotionen w\u00e4hrend des Besuches geschildert hatte und damit die Anwesenden zu Tr\u00e4nen r\u00fchrte. Nachdem die Klassensprecherinnen und \u2013sprecher informiert waren, startete in drei Pausen eine gro\u00dfe Sammelaktion in der Schule, die eine gro\u00dfe Spendenbereitschaft von Seiten der Sch\u00fclerschaft, aber auch der Lehrkr\u00e4fte zeigte.<\/p>\n<p>Am Mittwoch, 20.12.2017, konnte dann spontan bei einem kurzen Stopp der vielreisenden Lea ein gemeinsames Foto und eine symbolische \u00dcbergabe der ersten Spenden in Fulda erreicht werden. Die Flugbegleiterin wird dann auf ihren n\u00e4chsten Reisen in das \u00e4u\u00dferst bildungsferne Land immer wieder Spenden mitnehmen und auch ihre Kolleginnen, die das Land befliegen, bitten, Spenden direkt im Kinderheim an die Kinder zu verteilen. \u00c4quatorialguinea besitzt trotz seiner Erd\u00f6lvorkommen kein \u00f6ffentliches Schulsystem und auch die Waisenh\u00e4user werden nur durch Spenden und die katholische Kirche unterst\u00fctzt, sodass die Spenden\u00fcbergabe immer nur in kleineren Einheiten erfolgen soll. In einem n\u00e4chsten Spendenaufruf wird sich die \u00dcbergabe von Hygieneartikel richten, da auch die Versorgung mit Seife und K\u00f6rperpflegeprodukten, aber auch Desinfektionsmitteln unzureichend sei.<\/p>\n","protected":false},"excerpt":{"rendered":"<div class=\"tmnf_excerpt\"><p>Die Sch\u00fclervertretung der Eduard-Stieler-Schule (SV) hat in der Vorweihnachtszeit eine Spendenaktion durchgef\u00fchrt, bei der die Sch\u00fclerinnen und Sch\u00fcler der Schule ihre noch benutzbaren Spielsachen, Mal- und Zeichenutensilien, aber auch Erste-Hilfe-K\u00e4sten und Verbandsmaterial spenden konnten. Die Spendenaktion wurde durch den Vertrauenslehrer Rene-Andre Kohl initiiert, da er durch seine ehemalige Sch\u00fclerin, Lea Stier, die neben ihrem Studium &hellip;<\/p>\n<\/div>","protected":false},"author":1,"featured_media":170565,"comment_status":"closed","ping_status":"closed","sticky":false,"template":"","format":"standard","meta":{"footnotes":""},"categories":[1],"tags":[],"class_list":["post-170559","post","type-post","status-publish","format-standard","has-post-thumbnail","hentry","category-startseite"],"_links":{"self":[{"href":"https:\/\/www.fuldaernachrichten.de\/index.php?rest_route=\/wp\/v2\/posts\/170559","targetHints":{"allow":["GET"]}}],"collection":[{"href":"https:\/\/www.fuldaernachrichten.de\/index.php?rest_route=\/wp\/v2\/posts"}],"about":[{"href":"https:\/\/www.fuldaernachrichten.de\/index.php?rest_route=\/wp\/v2\/types\/post"}],"author":[{"embeddable":true,"href":"https:\/\/www.fuldaernachrichten.de\/index.php?rest_route=\/wp\/v2\/users\/1"}],"replies":[{"embeddable":true,"href":"https:\/\/www.fuldaernachrichten.de\/index.php?rest_route=%2Fwp%2Fv2%2Fcomments&post=170559"}],"version-history":[{"count":1,"href":"https:\/\/www.fuldaernachrichten.de\/index.php?rest_route=\/wp\/v2\/posts\/170559\/revisions"}],"predecessor-version":[{"id":170567,"href":"https:\/\/www.fuldaernachrichten.de\/index.php?rest_route=\/wp\/v2\/posts\/170559\/revisions\/170567"}],"wp:featuredmedia":[{"embeddable":true,"href":"https:\/\/www.fuldaernachrichten.de\/index.php?rest_route=\/wp\/v2\/media\/170565"}],"wp:attachment":[{"href":"https:\/\/www.fuldaernachrichten.de\/index.php?rest_route=%2Fwp%2Fv2%2Fmedia&parent=170559"}],"wp:term":[{"taxonomy":"category","embeddable":true,"href":"https:\/\/www.fuldaernachrichten.de\/index.php?rest_route=%2Fwp%2Fv2%2Fcategories&post=170559"},{"taxonomy":"post_tag","embeddable":true,"href":"https:\/\/www.fuldaernachrichten.de\/index.php?rest_route=%2Fwp%2Fv2%2Ftags&post=170559"}],"curies":[{"name":"wp","href":"https:\/\/api.w.org\/{rel}","templated":true}]}}