{"id":170529,"date":"2017-12-28T10:25:40","date_gmt":"2017-12-28T09:25:40","guid":{"rendered":"http:\/\/www.fuldaer-nachrichten.de\/?p=170529"},"modified":"2017-12-28T10:25:40","modified_gmt":"2017-12-28T09:25:40","slug":"die-miro-nemec-band-kommt-am-3-3-2018-nach-fulda-in-die-orangerie","status":"publish","type":"post","link":"https:\/\/www.fuldaernachrichten.de\/?p=170529","title":{"rendered":"Die Miro Nemec Band kommt am 3.3.2018 nach Fulda in die Orangerie"},"content":{"rendered":"<p><a href=\"http:\/\/www.fuldaer-nachrichten.de\/wp-content\/uploads\/2017\/12\/Wimsen-2016.jpg\"><img decoding=\"async\" src=\"http:\/\/www.fuldaer-nachrichten.de\/wp-content\/uploads\/2017\/12\/Wimsen-2016-265x177.jpg\" alt=\"\" width=\"265\" height=\"177\" class=\"alignleft size-thumbnail wp-image-170549\" srcset=\"https:\/\/www.fuldaernachrichten.de\/wp-content\/uploads\/2017\/12\/Wimsen-2016-265x177.jpg 265w, https:\/\/www.fuldaernachrichten.de\/wp-content\/uploads\/2017\/12\/Wimsen-2016-768x512.jpg 768w, https:\/\/www.fuldaernachrichten.de\/wp-content\/uploads\/2017\/12\/Wimsen-2016-600x400.jpg 600w, https:\/\/www.fuldaernachrichten.de\/wp-content\/uploads\/2017\/12\/Wimsen-2016.jpg 900w\" sizes=\"(max-width: 265px) 100vw, 265px\" \/><\/a>Der beliebte Schauspieler und Tatort Kommissar Miro Nemec ist nat\u00fcrlich den meisten aus Film und Fernsehen bekannt. Aber es gibt auch seine musikalische Seite. Schon fr\u00fch entdeckte er seine Leidenschaft zur Musik. Bereits in seiner Jugendzeit in Freilassing gr\u00fcndete er eine Rockband. Sp\u00e4ter studierte er am Mozarteum in Salzburg Klavier, bevor die Schauspielerei seine Profession wurde. Im Jahr 1996 anl\u00e4sslich eines gro\u00dfen Benefizkonzertes &#8220;Hof rockt&#8221; zugunsten des Kriegswaisenvereins &#8220;Hand in Hand&#8221; f\u00fcr den er federf\u00fchrend zeichnete, gr\u00fcndete sich aus ihm und Hofer Musikern der Bands WEE BUSH und Second Hand Group die MIRO NEMEC BAND. Zuerst als einmalige Sache gedacht war jedoch schnell klar mit dieser Band weiterzuspielen. Anf\u00e4nglich fanden haupts\u00e4chlich Benefizkonzerte im gesamten Bundesgebiet f\u00fcr die Kriegswaisenkinder statt. Schnell jedoch wurde die Formation des rockenden Tatort Kommissars im Lauf vieler Jahre zu einem gefragten Act bei vielerlei Veranstaltungen, Preisverleihungen und Festivals. Die Konzerte f\u00fchrten die Gruppe im Lauf der Zeit durch ganz Deutschland, unter anderem schon dreimal nach Berlin auf Schloss Bellevue auf Einladung des Bundespr\u00e4sidenten. Einige Konzerte brachten die Miro Nemec Band sogar bis nach Belgien, Frankreich, Slowenien, Kroatien oder auch der Schweiz. Nach einem gemeinsamen Auftritt anl\u00e4sslich der Bochumer Ruhrtriennale mit Uwe Ochsenknecht und Jan Josef Liefers, wurden noch einige Termine mit den Bands seiner Tatort Kollegen durchgef\u00fchrt. Das Motto dieser kleinen Tournee lautete damals &#8220;A Century of Songs&#8221; und zeigte von welchen Stilen und Musikrichtungen jeder der bekannten Schauspieler gepr\u00e4gt wurde und diese auf der B\u00fchne pr\u00e4sentieren. Genau das findet sich in der Miro Nemec Band wieder. Rockmusik und Klassiker von den Sechzigern bis zu den Achtzigern, mitrei\u00dfend arrangiert und dargeboten, aber auch als eigene Identit\u00e4t kroatische Vokslieder von der Band rockig umarrangiert, pr\u00e4gen den Stil und das Programm der Miro Nemec Band. An der Front gef\u00fchrt von der unglaublichen Energie und B\u00fchnenpr\u00e4senz von Miro, fundamentiert von den hervorragenden Musikern der Band, rei\u00dft diese Mischung aus Spielfreude, Leidenschaft und treibenden Rhythmen ein um&#8217;s andere Mal das Publikum zu einem unvergesslichen Abend mit. Die Miro Nemec Band ist: Miro Nemec (Vocals\/Klavier\/Gitarre) &#8211; Wolfgang Fickenscher (Schlagzeug\/Backvoc.) \u2013 Stefan Griesshammer \/Bass) &#8211; Stephan Erl (Keyboard\/Klavier\/Vocals) &#8211; Markus Hager (Gitarre\/Vocals) &#8211; Giuseppe Murianni (Gitarre) &#8211; Christian Felke (Sax\/Querfl\u00f6te\/Percussion\/Backvoc.) &#8211;   Uli Saalfrank (Gitarre\/Percussion\/Vocals)<\/p>\n<p>Karten zu diesem Konzert, das vom Kulturamt der Stadt Fulda veranstaltet wird, sind ab sofort im Vorverkauf an den bekannten Vorverkaufsstellen zum Preis von 18,50 Euro (erm\u00e4\u00dfigt 15,50 Euro) zzgl. Vvk. Geb\u00fchren erh\u00e4ltlich. <\/p>\n","protected":false},"excerpt":{"rendered":"<div class=\"tmnf_excerpt\"><p>Der beliebte Schauspieler und Tatort Kommissar Miro Nemec ist nat\u00fcrlich den meisten aus Film und Fernsehen bekannt. Aber es gibt auch seine musikalische Seite. Schon fr\u00fch entdeckte er seine Leidenschaft zur Musik. Bereits in seiner Jugendzeit in Freilassing gr\u00fcndete er eine Rockband. Sp\u00e4ter studierte er am Mozarteum in Salzburg Klavier, bevor die Schauspielerei seine Profession &hellip;<\/p>\n<\/div>","protected":false},"author":1,"featured_media":170548,"comment_status":"closed","ping_status":"closed","sticky":false,"template":"","format":"standard","meta":{"footnotes":""},"categories":[1],"tags":[],"class_list":["post-170529","post","type-post","status-publish","format-standard","has-post-thumbnail","hentry","category-startseite"],"_links":{"self":[{"href":"https:\/\/www.fuldaernachrichten.de\/index.php?rest_route=\/wp\/v2\/posts\/170529","targetHints":{"allow":["GET"]}}],"collection":[{"href":"https:\/\/www.fuldaernachrichten.de\/index.php?rest_route=\/wp\/v2\/posts"}],"about":[{"href":"https:\/\/www.fuldaernachrichten.de\/index.php?rest_route=\/wp\/v2\/types\/post"}],"author":[{"embeddable":true,"href":"https:\/\/www.fuldaernachrichten.de\/index.php?rest_route=\/wp\/v2\/users\/1"}],"replies":[{"embeddable":true,"href":"https:\/\/www.fuldaernachrichten.de\/index.php?rest_route=%2Fwp%2Fv2%2Fcomments&post=170529"}],"version-history":[{"count":1,"href":"https:\/\/www.fuldaernachrichten.de\/index.php?rest_route=\/wp\/v2\/posts\/170529\/revisions"}],"predecessor-version":[{"id":170550,"href":"https:\/\/www.fuldaernachrichten.de\/index.php?rest_route=\/wp\/v2\/posts\/170529\/revisions\/170550"}],"wp:featuredmedia":[{"embeddable":true,"href":"https:\/\/www.fuldaernachrichten.de\/index.php?rest_route=\/wp\/v2\/media\/170548"}],"wp:attachment":[{"href":"https:\/\/www.fuldaernachrichten.de\/index.php?rest_route=%2Fwp%2Fv2%2Fmedia&parent=170529"}],"wp:term":[{"taxonomy":"category","embeddable":true,"href":"https:\/\/www.fuldaernachrichten.de\/index.php?rest_route=%2Fwp%2Fv2%2Fcategories&post=170529"},{"taxonomy":"post_tag","embeddable":true,"href":"https:\/\/www.fuldaernachrichten.de\/index.php?rest_route=%2Fwp%2Fv2%2Ftags&post=170529"}],"curies":[{"name":"wp","href":"https:\/\/api.w.org\/{rel}","templated":true}]}}