{"id":170183,"date":"2017-12-12T10:05:37","date_gmt":"2017-12-12T09:05:37","guid":{"rendered":"http:\/\/www.fuldaer-nachrichten.de\/?p=170183"},"modified":"2017-12-12T10:05:37","modified_gmt":"2017-12-12T09:05:37","slug":"fuenf-sterne-fuer-eine-erfolgreiche-zukunft-der-umweltbildungsstaette-oberelsbach","status":"publish","type":"post","link":"https:\/\/www.fuldaernachrichten.de\/?p=170183","title":{"rendered":"F\u00fcnf Sterne f\u00fcr eine erfolgreiche  Zukunft  der Umweltbildungsst\u00e4tte Oberelsbach"},"content":{"rendered":"<p>\u00dcber ein Weihnachtsgeschenk der besonderen Art freut sich das Team der Umweltbildungsst\u00e4tte Oberelsbach. Das hochwertige Angebot f\u00fcr Kinder- und Jugendreisen wurde erneut mit der Spitzenbewertung von f\u00fcnf Sternen zertifiziert. Das Audit hat das Bundesforum Kinder- und Jugendreisen e.V. durchgef\u00fchrt. <\/p>\n<p>\u201eDiese Qualit\u00e4tsma\u00dfnahme hilft Veranstaltern von Kinder- und Jugendreisen bei der Auswahl sicherer und komfortabler Unterk\u00fcnfte\u201c, erkl\u00e4rt Bernd Fischer, Leiter der Umweltbildungsst\u00e4tte Oberelsbach. Die Kommission hat die deutschlandweit einheitlich geltenden Qualit\u00e4tsstandards in Oberelsbach erneut eingehend gepr\u00fcft. <\/p>\n<p>Mit dem Ergebnis zeigte sich Auditor Manfred Fu\u00df h\u00f6chst zufrieden. Nicht nur im turnusgem\u00e4\u00dfen Auditbericht, sondern auch bei der Jahrestagung des Verbandes in Weimar unterstrich Fu\u00df die Vorbildfunktion der Rh\u00f6ner Bildungseinrichtung und vergab erneut die H\u00f6chstbewertung von f\u00fcnf Sternen. Nicht verwunderlich, dass sich die Umweltbildungsst\u00e4tte f\u00fcr die n\u00e4chsten drei Jahre mit dem anerkannten G\u00fctesiegel schm\u00fccken darf. <\/p>\n<p>\u201eDas Thema Qualit\u00e4t hat bei der Jahrestagung des Bundesforums Kinder- und Jugendreisen eine herausragende Rolle gespielt\u201c, berichtete Bernd Fischer aus Weimar. Die Experten seien sich einig, dass in einigen Jahren nur noch Einrichtungen mit Topausstattung und zeitgem\u00e4\u00dfem Angebot bestehen k\u00f6nnen. <\/p>\n<p>Die Rezertifizierung bescheinigt der Umweltbildungsst\u00e4tte sehr gute Noten. Auditor Manfred Fu\u00df hebt u.a. die gepflegte Infrastruktur, den freundlichen und vorbildlichen Service, das hohe umweltp\u00e4dagogische Niveau der Angebote, die Wertsch\u00e4tzung der Mitarbeiter sowie die innovative Netzwerk- und \u00d6ffentlichkeitsarbeit hervor. \u201eInsgesamt wird das mehrfach ausgezeichnete Programmangebot einem hohen Bildungsanspruch gerecht\u201c, hei\u00dft es lobend im Bericht. <\/p>\n<p>Die 2012 er\u00f6ffnete Umweltbildungsst\u00e4tte Oberelsbach sensibilisiert unter dem Motto \u201eEin Kosmos voller Leben\u201c Sch\u00fcler, Studenten und Erwachsene f\u00fcr unsere (Um-)Welt am Beispiel des UNESCO-Biosph\u00e4renreservats Rh\u00f6n. Die vision\u00e4re Architektur der Einrichtung ist Symbol f\u00fcr die Modernit\u00e4t des zeitgem\u00e4\u00df konzipierten Bildungsangebots mit Seminaren, Workshops und Vortr\u00e4gen. INFO www.rhoeniversum.de, Tel. 09774 858055-0. <\/p>\n","protected":false},"excerpt":{"rendered":"<div class=\"tmnf_excerpt\"><p>\u00dcber ein Weihnachtsgeschenk der besonderen Art freut sich das Team der Umweltbildungsst\u00e4tte Oberelsbach. Das hochwertige Angebot f\u00fcr Kinder- und Jugendreisen wurde erneut mit der Spitzenbewertung von f\u00fcnf Sternen zertifiziert. Das Audit hat das Bundesforum Kinder- und Jugendreisen e.V. durchgef\u00fchrt. \u201eDiese Qualit\u00e4tsma\u00dfnahme hilft Veranstaltern von Kinder- und Jugendreisen bei der Auswahl sicherer und komfortabler Unterk\u00fcnfte\u201c, erkl\u00e4rt &hellip;<\/p>\n<\/div>","protected":false},"author":1,"featured_media":170184,"comment_status":"closed","ping_status":"closed","sticky":false,"template":"","format":"gallery","meta":{"footnotes":""},"categories":[1],"tags":[],"class_list":["post-170183","post","type-post","status-publish","format-gallery","has-post-thumbnail","hentry","category-startseite","post_format-post-format-gallery"],"_links":{"self":[{"href":"https:\/\/www.fuldaernachrichten.de\/index.php?rest_route=\/wp\/v2\/posts\/170183","targetHints":{"allow":["GET"]}}],"collection":[{"href":"https:\/\/www.fuldaernachrichten.de\/index.php?rest_route=\/wp\/v2\/posts"}],"about":[{"href":"https:\/\/www.fuldaernachrichten.de\/index.php?rest_route=\/wp\/v2\/types\/post"}],"author":[{"embeddable":true,"href":"https:\/\/www.fuldaernachrichten.de\/index.php?rest_route=\/wp\/v2\/users\/1"}],"replies":[{"embeddable":true,"href":"https:\/\/www.fuldaernachrichten.de\/index.php?rest_route=%2Fwp%2Fv2%2Fcomments&post=170183"}],"version-history":[{"count":1,"href":"https:\/\/www.fuldaernachrichten.de\/index.php?rest_route=\/wp\/v2\/posts\/170183\/revisions"}],"predecessor-version":[{"id":170189,"href":"https:\/\/www.fuldaernachrichten.de\/index.php?rest_route=\/wp\/v2\/posts\/170183\/revisions\/170189"}],"wp:featuredmedia":[{"embeddable":true,"href":"https:\/\/www.fuldaernachrichten.de\/index.php?rest_route=\/wp\/v2\/media\/170184"}],"wp:attachment":[{"href":"https:\/\/www.fuldaernachrichten.de\/index.php?rest_route=%2Fwp%2Fv2%2Fmedia&parent=170183"}],"wp:term":[{"taxonomy":"category","embeddable":true,"href":"https:\/\/www.fuldaernachrichten.de\/index.php?rest_route=%2Fwp%2Fv2%2Fcategories&post=170183"},{"taxonomy":"post_tag","embeddable":true,"href":"https:\/\/www.fuldaernachrichten.de\/index.php?rest_route=%2Fwp%2Fv2%2Ftags&post=170183"}],"curies":[{"name":"wp","href":"https:\/\/api.w.org\/{rel}","templated":true}]}}