{"id":170173,"date":"2017-12-12T10:03:33","date_gmt":"2017-12-12T09:03:33","guid":{"rendered":"http:\/\/www.fuldaer-nachrichten.de\/?p=170173"},"modified":"2017-12-12T10:03:33","modified_gmt":"2017-12-12T09:03:33","slug":"regionalcaritasverband-ehrte-langjaehrige-mitarbeiterinnen-und-mitarbeiter","status":"publish","type":"post","link":"https:\/\/www.fuldaernachrichten.de\/?p=170173","title":{"rendered":"Regionalcaritasverband ehrte langj\u00e4hrige Mitarbeiterinnen und Mitarbeiter"},"content":{"rendered":"<p>425 Jahre Dienst am Menschen ist eine stolze Zahl. 23 Mitarbeiterinnen und Mitarbeiter des Caritasverbandes f\u00fcr die Regionen Fulda und Geisa kommen auf diese Dienstjahre. Im Rahmen der adventlichen Feier im Parkhotel Kolpinghaus wurden sie vom Vorsitzenden Pfarrer Dr. Dagobert Vonderau und Werner Althaus, stellvertretender Gesch\u00e4ftsf\u00fchrer, der f\u00fcr den erkrankten Gesch\u00e4ftsf\u00fchrer Christian Reuter einsprang, geehrt. Die adventliche Feier wolle der Caritasverband nutzen, um nicht nur zu feiern und zu ehren, sondern auch Danke zu sagen, betonte Werner Althaus. Sein Dank galt der Mitarbeiterschaft in den f\u00fcnf Caritas \u2013 Sozialstationen, den Sozialen Diensten, dem Zentrum f\u00fcr Sucht- und Drogenhilfe mit dem Betreuten Wohnen und der CMA \u2013 Tagesst\u00e4tte, der Jugendsozialarbeit in der Region Geisa, der Integrierten Wohnungslosenhilfe mit dem Kleidermarkt sowie der Gesch\u00e4ftsstelle mit der Abteilung Rechnungswesen und dem ehrenamtlichen Verbandsvorstand. In allen Bereichen w\u00fcrde ein unverzichtbarer caritativer Dienst geleistet. Menschen in unterschiedlichen Lebenssituationen w\u00fcrden beraten und betreut, erhielten st\u00fctzende Hilfen oder h\u00e4usliche pflegerische Leistungen. Besonderes Augenmerk werde darauf gerichtet, dass durch langj\u00e4hrige Mitarbeit Kontinuit\u00e4t und Qualit\u00e4t der Arbeit gesichert seien. Der stellvertretende Gesch\u00e4ftsf\u00fchrer gab einen \u00dcberblick \u00fcber das Jahr und benannte beispielhaft die Leistungen der Sozialstationen, die alle mit \u201esehr gut\u201c bewertet worden seien, die erfolgreiche Zertifizierung des \u00dcbergansmanagement in der JVA Fulda, das Projekt Mobile Beratung vor Ort und die Arbeit in der Fl\u00fcchtlingshilfe in acht Gemeinschaftsunterk\u00fcnften in Stadt und Landkreis Fulda mit \u00fcber 350 Asylsuchenden sowie das Projekt \u201eAuszugsmanagement\u201c. Wichtig und mitgestaltend sei die Arbeit der Mitarbeitervertretung, die immer sachgerecht ihre Mitverantwortung f\u00fcr die fast 200 Hauptamtlichen wahrgenommen habe. Netzwerkarbeit in den verschiedenen Gremien in Stadt und Landkreis Fulda und im Wartburgkreis sichere Hilfe Hand in Hand und die notwendige Finanzierung. In diesem Zusammenhang dankte Werner Althaus den geldgebenden Landkreisen und dem Landeswohlfahrtsverband sowie den Pfarreien und dem Bistum Fulda, ohne deren Zusch\u00fcsse die vielf\u00e4ltige Arbeit nicht m\u00f6glich w\u00e4re. Nach der Vorstellung der 15 neu hinzugekommenen Mitarbeiterinnen und Mitarbeiter \u00fcberreichten der Verbandsvorsitzende Pfarrer Dr. Dagobert Vonderau und der stellvertretende Gesch\u00e4ftsf\u00fchrer die Urkunden und benannten die Geehrten mit Fakten aus ihrem beruflichen Werdegang und ihrem Fachbereich. F\u00fcr 10 Jahre erhielten die Ehrenurkunde Christiane Detscher, Anett Erhardt, Judith Koch, Michael Sch\u00fctte, Michaela Sitzmann, Cornelia St\u00e4mmler, Annekathrin Trabert und Janina W\u00fcbbelsmann. F\u00fcr 20 Jahre wurden mit Ehrenurkunde und silberner Nadel geehrt Wieslawa Friedrich \u2013 Fabinski, Renate Hessberger, Magdalena Jensch, Beate Kelbe, Doris Krack, Carola Rockel und Birgit Sachs. Die goldene Ehrennadel mit Urkunde erhielten f\u00fcr 25 Dienstjahre Martina Dierl, Manuela Kiesler, Monika Niestroj, Doris Ritz, Manfred Sauer, Bernhild Schel, und Bernd Schr\u00f6der. Eine besondere Ehrung wurde Martin Watzlawik zu Teil, der auf 30 Dienstjahre zur\u00fcckblicken kann.<\/p>\n<p>Begonnen hatte die adventliche Feier mit einem Gottesdienst in der Stadtpfarrkirche. Dieser war von der Mitarbeiterschaft vorbereitet und von diesen sowie mit einem eigens zusammengestellten Chor mit musikalischer Begleitung mitgestaltet worden. In seiner Predigt ging Pfarrer Dagobert Vonderau auf das Hochfest der unbefleckt empfangenen Gottesmutter Maria ein. Sie habe Bereitschaft gezeigt zu dienen und wurde so Mutter des g\u00f6ttlichen Kindes.<\/p>\n","protected":false},"excerpt":{"rendered":"<div class=\"tmnf_excerpt\"><p>425 Jahre Dienst am Menschen ist eine stolze Zahl. 23 Mitarbeiterinnen und Mitarbeiter des Caritasverbandes f\u00fcr die Regionen Fulda und Geisa kommen auf diese Dienstjahre. Im Rahmen der adventlichen Feier im Parkhotel Kolpinghaus wurden sie vom Vorsitzenden Pfarrer Dr. Dagobert Vonderau und Werner Althaus, stellvertretender Gesch\u00e4ftsf\u00fchrer, der f\u00fcr den erkrankten Gesch\u00e4ftsf\u00fchrer Christian Reuter einsprang, geehrt. &hellip;<\/p>\n<\/div>","protected":false},"author":1,"featured_media":170175,"comment_status":"closed","ping_status":"closed","sticky":false,"template":"","format":"standard","meta":{"footnotes":""},"categories":[1],"tags":[],"class_list":["post-170173","post","type-post","status-publish","format-standard","has-post-thumbnail","hentry","category-startseite"],"_links":{"self":[{"href":"https:\/\/www.fuldaernachrichten.de\/index.php?rest_route=\/wp\/v2\/posts\/170173","targetHints":{"allow":["GET"]}}],"collection":[{"href":"https:\/\/www.fuldaernachrichten.de\/index.php?rest_route=\/wp\/v2\/posts"}],"about":[{"href":"https:\/\/www.fuldaernachrichten.de\/index.php?rest_route=\/wp\/v2\/types\/post"}],"author":[{"embeddable":true,"href":"https:\/\/www.fuldaernachrichten.de\/index.php?rest_route=\/wp\/v2\/users\/1"}],"replies":[{"embeddable":true,"href":"https:\/\/www.fuldaernachrichten.de\/index.php?rest_route=%2Fwp%2Fv2%2Fcomments&post=170173"}],"version-history":[{"count":1,"href":"https:\/\/www.fuldaernachrichten.de\/index.php?rest_route=\/wp\/v2\/posts\/170173\/revisions"}],"predecessor-version":[{"id":170176,"href":"https:\/\/www.fuldaernachrichten.de\/index.php?rest_route=\/wp\/v2\/posts\/170173\/revisions\/170176"}],"wp:featuredmedia":[{"embeddable":true,"href":"https:\/\/www.fuldaernachrichten.de\/index.php?rest_route=\/wp\/v2\/media\/170175"}],"wp:attachment":[{"href":"https:\/\/www.fuldaernachrichten.de\/index.php?rest_route=%2Fwp%2Fv2%2Fmedia&parent=170173"}],"wp:term":[{"taxonomy":"category","embeddable":true,"href":"https:\/\/www.fuldaernachrichten.de\/index.php?rest_route=%2Fwp%2Fv2%2Fcategories&post=170173"},{"taxonomy":"post_tag","embeddable":true,"href":"https:\/\/www.fuldaernachrichten.de\/index.php?rest_route=%2Fwp%2Fv2%2Ftags&post=170173"}],"curies":[{"name":"wp","href":"https:\/\/api.w.org\/{rel}","templated":true}]}}