{"id":170159,"date":"2017-12-11T09:28:33","date_gmt":"2017-12-11T08:28:33","guid":{"rendered":"http:\/\/www.fuldaer-nachrichten.de\/?p=170159"},"modified":"2017-12-11T09:28:33","modified_gmt":"2017-12-11T08:28:33","slug":"buergerliste-beantragt-informationsveranstaltung-zum-thema-beleuchtung","status":"publish","type":"post","link":"https:\/\/www.fuldaernachrichten.de\/?p=170159","title":{"rendered":"B\u00fcrgerliste beantragt Informationsveranstaltung zum Thema \u201eBeleuchtung\u201c"},"content":{"rendered":"<p>Die Eichenzeller B\u00fcrgerliste stellt zur Sitzung der Gemeindevertretung am kommenden Donnerstag einen Antrag zum Thema \u201eBeleuchtung\u201c. Darin wird der Gemeindevorstand aufgefordert, eine Informationsveranstaltung zum Thema \u201eBeleuchtung \u2013 Was k\u00f6nnen wir als Gemeinde tun\u201c durchzuf\u00fchren. Als Referentin soll dazu Sabine Frank vom Landkreis Fulda eingeladen werden. Einladungen zu der Informationsveranstaltung sollten Gemeindevorstand, Gemeindevertreter und alle Ortsbeir\u00e4te erhalten. Weiterhin sollte die Veranstaltung f\u00fcr interessierte und engagierte B\u00fcrger offen sein.<\/p>\n<p>Fraktionschef Gerhard Dehler begr\u00fcndet den Antrag so: \u201eDas Thema Lichtverschmutzung, optimierte Beleuchtung, Kosteneinsparung, Naturschutz, Beleuchtungsrichtlinien oder Beleuchtungssatzung gewinnt immer mehr an Bedeutung. Viele Kommunen haben sich in den vergangenen Jahren mit dem Thema Beleuchtung sehr intensiv besch\u00e4ftigt. Einige Kommunen in unserer Region sind als Folge dem Projekt \u201eSternenpark Rh\u00f6n\u201c beigetreten (u.a. K\u00fcnzell, Petersberg, H\u00fcnfeld). Andere Kommunen wie z.B. Hofbieber, haben einzelne Aspekte verbindlich in einer Satzung geregelt. Wir m\u00f6chten deshalb eine Informationsveranstaltung zum Thema \u201eBeleuchtung \u2013 Was k\u00f6nnen wir als Gemeinde tun\u201c durchf\u00fchren, um anschlie\u00dfend gemeinsam in einem ergebnisoffenen Prozess zu \u00fcberlegen, was wir als Gemeinde verwirklichen k\u00f6nnen und was unser langfristiges Ziel sein soll.\u201c<\/p>\n<p>Laut B\u00fcrgerliste widmet sich Sabine Frank vom Landkreis Fulda seit Jahren diesem Thema und stellt den Kommunen die M\u00f6glichkeiten, die sie dazu haben, dar. Ihre Arbeit ist \u00fcber die Grenzen des Landkreises hinweg anerkannt und Sie begeistert in Ihren Vortr\u00e4gen immer wieder mit vielen interessanten Fakten. Hier ist von Aufkl\u00e4rung, \u00fcber Empfehlungen bis hin zu Verpflichtungen ein sehr breiter Handlungsrahmen f\u00fcr die Gemeinde m\u00f6glich.<\/p>\n<p>\u201eMit dieser Informationsveranstaltung soll ein erster Schritt in unserer Gemeinde zu diesem hochaktuellen Thema initiiert werden. Dabei m\u00f6chten wir eine ergebnisoffene und unvoreingenommene Diskussion ansto\u00dfen. Ergebnisoffen hei\u00dft, dass es sein kann, dass alles bleibt, wie es ist oder es auch sein kann, dass wir eine Beleuchtungsempfehlung f\u00fcr Hausbesitzer und\/oder Gewerbebetriebe herausgeben oder auch, dass wir einzelne Aspekte in einer Satzung regeln.\u201c, so Gerhard Dehler abschlie\u00dfend.<\/p>\n","protected":false},"excerpt":{"rendered":"<div class=\"tmnf_excerpt\"><p>Die Eichenzeller B\u00fcrgerliste stellt zur Sitzung der Gemeindevertretung am kommenden Donnerstag einen Antrag zum Thema \u201eBeleuchtung\u201c. Darin wird der Gemeindevorstand aufgefordert, eine Informationsveranstaltung zum Thema \u201eBeleuchtung \u2013 Was k\u00f6nnen wir als Gemeinde tun\u201c durchzuf\u00fchren. Als Referentin soll dazu Sabine Frank vom Landkreis Fulda eingeladen werden. Einladungen zu der Informationsveranstaltung sollten Gemeindevorstand, Gemeindevertreter und alle Ortsbeir\u00e4te &hellip;<\/p>\n<\/div>","protected":false},"author":1,"featured_media":170161,"comment_status":"closed","ping_status":"closed","sticky":false,"template":"","format":"standard","meta":{"footnotes":""},"categories":[1],"tags":[],"class_list":["post-170159","post","type-post","status-publish","format-standard","has-post-thumbnail","hentry","category-startseite"],"_links":{"self":[{"href":"https:\/\/www.fuldaernachrichten.de\/index.php?rest_route=\/wp\/v2\/posts\/170159","targetHints":{"allow":["GET"]}}],"collection":[{"href":"https:\/\/www.fuldaernachrichten.de\/index.php?rest_route=\/wp\/v2\/posts"}],"about":[{"href":"https:\/\/www.fuldaernachrichten.de\/index.php?rest_route=\/wp\/v2\/types\/post"}],"author":[{"embeddable":true,"href":"https:\/\/www.fuldaernachrichten.de\/index.php?rest_route=\/wp\/v2\/users\/1"}],"replies":[{"embeddable":true,"href":"https:\/\/www.fuldaernachrichten.de\/index.php?rest_route=%2Fwp%2Fv2%2Fcomments&post=170159"}],"version-history":[{"count":1,"href":"https:\/\/www.fuldaernachrichten.de\/index.php?rest_route=\/wp\/v2\/posts\/170159\/revisions"}],"predecessor-version":[{"id":170162,"href":"https:\/\/www.fuldaernachrichten.de\/index.php?rest_route=\/wp\/v2\/posts\/170159\/revisions\/170162"}],"wp:featuredmedia":[{"embeddable":true,"href":"https:\/\/www.fuldaernachrichten.de\/index.php?rest_route=\/wp\/v2\/media\/170161"}],"wp:attachment":[{"href":"https:\/\/www.fuldaernachrichten.de\/index.php?rest_route=%2Fwp%2Fv2%2Fmedia&parent=170159"}],"wp:term":[{"taxonomy":"category","embeddable":true,"href":"https:\/\/www.fuldaernachrichten.de\/index.php?rest_route=%2Fwp%2Fv2%2Fcategories&post=170159"},{"taxonomy":"post_tag","embeddable":true,"href":"https:\/\/www.fuldaernachrichten.de\/index.php?rest_route=%2Fwp%2Fv2%2Ftags&post=170159"}],"curies":[{"name":"wp","href":"https:\/\/api.w.org\/{rel}","templated":true}]}}