{"id":170151,"date":"2017-12-11T09:27:32","date_gmt":"2017-12-11T08:27:32","guid":{"rendered":"http:\/\/www.fuldaer-nachrichten.de\/?p=170151"},"modified":"2017-12-11T09:27:39","modified_gmt":"2017-12-11T08:27:39","slug":"fuldaer-generalvikar-besucht-fluechtlingsunterkunft","status":"publish","type":"post","link":"https:\/\/www.fuldaernachrichten.de\/?p=170151","title":{"rendered":"Fuldaer Generalvikar besucht Fl\u00fcchtlingsunterkunft"},"content":{"rendered":"<p><a href=\"http:\/\/www.fuldaer-nachrichten.de\/wp-content\/uploads\/2017\/12\/006-RCV-AL-Stanke-GU-Fran-071217-wim.jpg\"><img decoding=\"async\" class=\"alignleft size-thumbnail wp-image-170152\" src=\"http:\/\/www.fuldaer-nachrichten.de\/wp-content\/uploads\/2017\/12\/006-RCV-AL-Stanke-GU-Fran-071217-wim-265x176.jpg\" alt=\"\" width=\"265\" height=\"176\" srcset=\"https:\/\/www.fuldaernachrichten.de\/wp-content\/uploads\/2017\/12\/006-RCV-AL-Stanke-GU-Fran-071217-wim-265x176.jpg 265w, https:\/\/www.fuldaernachrichten.de\/wp-content\/uploads\/2017\/12\/006-RCV-AL-Stanke-GU-Fran-071217-wim-768x509.jpg 768w, https:\/\/www.fuldaernachrichten.de\/wp-content\/uploads\/2017\/12\/006-RCV-AL-Stanke-GU-Fran-071217-wim-600x398.jpg 600w, https:\/\/www.fuldaernachrichten.de\/wp-content\/uploads\/2017\/12\/006-RCV-AL-Stanke-GU-Fran-071217-wim.jpg 900w\" sizes=\"(max-width: 265px) 100vw, 265px\" \/><\/a>Die Fl\u00fcchtlingsunterkunft in der Frankfurter Stra\u00dfe in Fulda wird p\u00e4dagogisch vom Caritasverband f\u00fcr die Regionen Fulda und Geisa e.V. betreut. \u00dcber die Arbeit und das Leben dort informierte sich Generalvikar Professor Dr. Gerhard Stanke bei einem Besuch, begleitet vom Vorsitzenden des regionalen Verbandes, Pfarrer Dr. Dagobert Vonderau, Gesch\u00e4ftsf\u00fchrer Christian Reuter sowie dem Fl\u00fcchtlings-Beauftragten des Bistums, Franz Josef Meyer. Dabei wurde dem Generalvikar das vom Bistum finanziell unterst\u00fctzte Medienprojekt \u201erefugee TV\u201c und dessen Konzeption und Weiterentwicklung vorgestellt.<\/p>\n<p>Gesch\u00e4ftsf\u00fchrer Christian Reuter erl\u00e4uterte, dass der regionale Caritasverband seit Februar 2015 f\u00fcr die Beratung und Betreuung der Bewohner in der Unterkunft verantwortlich zeichne, in der zurzeit 110 Bewohner, vor allem aus Eritrea, Somalia und anderen afrikanischen L\u00e4ndern leben. Durch Um- und Ausbau des Dachgeschosses habe der Betreiber zus\u00e4tzlich Raum geschaffen, in dem auch Familien mit Kindern leben k\u00f6nnen und es wurde ein Gruppenraum neu integriert. Insgesamt sei eine positive Entwicklung in der Einrichtung zu verzeichnen, so Sozialbetreuer Maximilian Rehwinkel. Der Generalvikar traf im \u201eFamilienstock\u201c mit dem eritreisch-orthodoxen Priester Brhane Tesfau zusammen, der dort mit seiner Familie lebt. Jeden Sonntag von 11.30 bis 13.30 Uhr feiert dieser in der St. Josefs Kirche Fulda Gottesdienst.<\/p>\n<p><a href=\"http:\/\/www.fuldaer-nachrichten.de\/wp-content\/uploads\/2017\/12\/008-RCV-AL-Stanke-GU-Fran-071217-wim.jpg\"><img decoding=\"async\" class=\"alignleft size-thumbnail wp-image-170154\" src=\"http:\/\/www.fuldaer-nachrichten.de\/wp-content\/uploads\/2017\/12\/008-RCV-AL-Stanke-GU-Fran-071217-wim-265x98.jpg\" alt=\"\" width=\"265\" height=\"98\" srcset=\"https:\/\/www.fuldaernachrichten.de\/wp-content\/uploads\/2017\/12\/008-RCV-AL-Stanke-GU-Fran-071217-wim-265x98.jpg 265w, https:\/\/www.fuldaernachrichten.de\/wp-content\/uploads\/2017\/12\/008-RCV-AL-Stanke-GU-Fran-071217-wim-768x285.jpg 768w, https:\/\/www.fuldaernachrichten.de\/wp-content\/uploads\/2017\/12\/008-RCV-AL-Stanke-GU-Fran-071217-wim-600x223.jpg 600w, https:\/\/www.fuldaernachrichten.de\/wp-content\/uploads\/2017\/12\/008-RCV-AL-Stanke-GU-Fran-071217-wim.jpg 900w\" sizes=\"(max-width: 265px) 100vw, 265px\" \/><\/a>Gesch\u00e4ftsf\u00fchrer Christian Reuter informierte, dass durch die Vermittlung des Caritas-Sozialarbeiters David R\u00fcbsamen Mitte 2015 der Kontakt zur Fuldaer Medienfirma \u201efilmreflex\u201c entstanden sei. Gemeinsam habe man das Filmprojekt \u201erefugee TV\u201c entwickelt, das im Dezember 2015 in der Unterkunft startete. Bis Sommer 2016 seien drei Sendungen von 14 &#8211; 28 Minuten L\u00e4nge zu unterschiedlichen Themen entstanden, in denen Gefl\u00fcchtete nicht nur mit Regie f\u00fchrten, sondern auch als Moderatoren und Interviewte selbst zur Wort kamen. Die Filme seien dann \u00fcber YouTube, Facebook, die Mediathek Hessen, den Offenen Kanal Fulda und die Caritas-Homepage publiziert worden. \u00dcber das Projekt berichtete nicht nur das Magazin \u201ePrintzip\u201c, es wurde auch am Hessentag in Herborn als \u201eGood Practise Projekt\u201c und am Fachtag B\u00fcrgermedien \u201emedien vielfalt integration\u201c in Stuttgart vorgestellt. Das Ziel, das Gefl\u00fcchtete Themen der eigenen Fluchterfahrungen und ihrer jetzigen Lebens- und Alltagswelt einbringen, sei erreicht worden, berichtete Andreas Christ von filmreflex medienp\u00e4dagogik &amp; medienproduktionen. Der Erfolg in der Gemeinschaftsunterkunft Frankfurter Stra\u00dfe habe dazu gef\u00fchrt, in diesem Jahr zwei weitere Sendungen von \u201erefugee TV\u201c in der Gemeinschaftsunterkunft Blankenau zu produzieren, die ebenfalls vom regionalen Caritasverband betreut werde, so Christian Reuter. Thematisch setze man hier an beim Unterschied zwischen Stadt und Land, der Selbstwahrnehmung und der St\u00e4rkung des Selbstbewusstseins. Anhand von Filmsequenzen verdeutlichte Andreas Christ dem Generalvikar die inhaltliche Arbeit.<\/p>\n<p>F\u00fcr Menschen sei es wichtig, dass sie wahrgenommen und wertgesch\u00e4tzt w\u00fcrden, betonte Prof. Dr. Gerhard Stanke. Er halte die Finanzierung zur Integration der Gefl\u00fcchteten in unsere Gesellschaft f\u00fcr sehr wichtig. Dankbar zeigte sich der Kirchenvertreter nicht nur f\u00fcr die Arbeit der Caritas und der Sozialbetreuer, sondern auch f\u00fcr das Engagement in den Gemeinschaftsr\u00e4umen der GU Frankfurter Stra\u00dfe, in denen es ein Mittwochskaffee und regelm\u00e4\u00dfige Deutschkurse in Zusammenarbeit mit \u201eWellcome In!\u201c gibt. Im Anschluss an das Gespr\u00e4ch besichtigte er weitere Bereiche der Gemeinschaftsunterkunft.<\/p>\n","protected":false},"excerpt":{"rendered":"<div class=\"tmnf_excerpt\"><p>Die Fl\u00fcchtlingsunterkunft in der Frankfurter Stra\u00dfe in Fulda wird p\u00e4dagogisch vom Caritasverband f\u00fcr die Regionen Fulda und Geisa e.V. betreut. \u00dcber die Arbeit und das Leben dort informierte sich Generalvikar Professor Dr. Gerhard Stanke bei einem Besuch, begleitet vom Vorsitzenden des regionalen Verbandes, Pfarrer Dr. Dagobert Vonderau, Gesch\u00e4ftsf\u00fchrer Christian Reuter sowie dem Fl\u00fcchtlings-Beauftragten des Bistums, &hellip;<\/p>\n<\/div>","protected":false},"author":1,"featured_media":170153,"comment_status":"closed","ping_status":"closed","sticky":false,"template":"","format":"standard","meta":{"footnotes":""},"categories":[1],"tags":[],"class_list":["post-170151","post","type-post","status-publish","format-standard","has-post-thumbnail","hentry","category-startseite"],"_links":{"self":[{"href":"https:\/\/www.fuldaernachrichten.de\/index.php?rest_route=\/wp\/v2\/posts\/170151","targetHints":{"allow":["GET"]}}],"collection":[{"href":"https:\/\/www.fuldaernachrichten.de\/index.php?rest_route=\/wp\/v2\/posts"}],"about":[{"href":"https:\/\/www.fuldaernachrichten.de\/index.php?rest_route=\/wp\/v2\/types\/post"}],"author":[{"embeddable":true,"href":"https:\/\/www.fuldaernachrichten.de\/index.php?rest_route=\/wp\/v2\/users\/1"}],"replies":[{"embeddable":true,"href":"https:\/\/www.fuldaernachrichten.de\/index.php?rest_route=%2Fwp%2Fv2%2Fcomments&post=170151"}],"version-history":[{"count":2,"href":"https:\/\/www.fuldaernachrichten.de\/index.php?rest_route=\/wp\/v2\/posts\/170151\/revisions"}],"predecessor-version":[{"id":170156,"href":"https:\/\/www.fuldaernachrichten.de\/index.php?rest_route=\/wp\/v2\/posts\/170151\/revisions\/170156"}],"wp:featuredmedia":[{"embeddable":true,"href":"https:\/\/www.fuldaernachrichten.de\/index.php?rest_route=\/wp\/v2\/media\/170153"}],"wp:attachment":[{"href":"https:\/\/www.fuldaernachrichten.de\/index.php?rest_route=%2Fwp%2Fv2%2Fmedia&parent=170151"}],"wp:term":[{"taxonomy":"category","embeddable":true,"href":"https:\/\/www.fuldaernachrichten.de\/index.php?rest_route=%2Fwp%2Fv2%2Fcategories&post=170151"},{"taxonomy":"post_tag","embeddable":true,"href":"https:\/\/www.fuldaernachrichten.de\/index.php?rest_route=%2Fwp%2Fv2%2Ftags&post=170151"}],"curies":[{"name":"wp","href":"https:\/\/api.w.org\/{rel}","templated":true}]}}