{"id":170144,"date":"2017-12-11T09:25:25","date_gmt":"2017-12-11T08:25:25","guid":{"rendered":"http:\/\/www.fuldaer-nachrichten.de\/?p=170144"},"modified":"2017-12-11T09:25:25","modified_gmt":"2017-12-11T08:25:25","slug":"grundstufenschueler-der-brueder-grimm-schule-erlebten-ganz-besonderen-nikolaustag","status":"publish","type":"post","link":"https:\/\/www.fuldaernachrichten.de\/?p=170144","title":{"rendered":"Grundstufensch\u00fcler der Br\u00fcder-Grimm-Schule erlebten ganz besonderen Nikolaustag"},"content":{"rendered":"<p>Froh und munter waren die beiden Grundstufenklassen der Br\u00fcder-Grimm-Schule Alsfeld, als sie sich am Nikolaustag aufmachten, um in Altenburg dem Nikolaus zu begegnen. Der hatte dort n\u00e4mlich sein Kommen angesagt und sogar sein Rentier (in Gestalt eines talentierten, verkleideten Ponys) mitgebracht, das f\u00fcr ganz viel Freude bei den Kindern und den Erwachsenen sorgte.<br \/>\nDer von weit her angereiste Mann mit dem markanten Bart wurde mit Nikolausliedern begr\u00fc\u00dft, bevor er sich den Kindern mit netten Worten zuwandte. Auch in diesem Jahr konnte er die Rute stecken lassen, denn selbstverst\u00e4ndlich waren die Kinder \u2013 so wie alle anderen auch \u2013 in diesem Jahr immer brav gewesen. In seinem Sack hatte er stattdessen neben den obligatorischen S\u00fc\u00dfigkeiten und anderen Leckereien f\u00fcr die Kinder diesmal auch M\u00f6hren, mit denen die Sch\u00fclerinnen und Sch\u00fcler zu ihrem gro\u00dfen Spa\u00df den tierischen Besuch f\u00fcttern durften.<\/p>\n<p>Auch einige Passanten, die zuf\u00e4llig vorbeikamen, erfreuten sich dieser sch\u00f6nen Szenerie, bevor der Nikolaus unter gro\u00dfem Beifall wieder verabschiedet wurde und die Sch\u00fclerinnen und Sch\u00fcler der Br\u00fcder-Grimm-Schule sich langsam wieder auf den R\u00fcckweg machten. Dieser ungew\u00f6hnliche Nikolaustag wird vielen von ihnen sicher noch lange in sch\u00f6nster Erinnerung bleiben!<\/p>\n","protected":false},"excerpt":{"rendered":"<div class=\"tmnf_excerpt\"><p>Froh und munter waren die beiden Grundstufenklassen der Br\u00fcder-Grimm-Schule Alsfeld, als sie sich am Nikolaustag aufmachten, um in Altenburg dem Nikolaus zu begegnen. Der hatte dort n\u00e4mlich sein Kommen angesagt und sogar sein Rentier (in Gestalt eines talentierten, verkleideten Ponys) mitgebracht, das f\u00fcr ganz viel Freude bei den Kindern und den Erwachsenen sorgte. Der von &hellip;<\/p>\n<\/div>","protected":false},"author":1,"featured_media":170146,"comment_status":"closed","ping_status":"closed","sticky":false,"template":"","format":"standard","meta":{"footnotes":""},"categories":[1],"tags":[],"class_list":["post-170144","post","type-post","status-publish","format-standard","has-post-thumbnail","hentry","category-startseite"],"_links":{"self":[{"href":"https:\/\/www.fuldaernachrichten.de\/index.php?rest_route=\/wp\/v2\/posts\/170144","targetHints":{"allow":["GET"]}}],"collection":[{"href":"https:\/\/www.fuldaernachrichten.de\/index.php?rest_route=\/wp\/v2\/posts"}],"about":[{"href":"https:\/\/www.fuldaernachrichten.de\/index.php?rest_route=\/wp\/v2\/types\/post"}],"author":[{"embeddable":true,"href":"https:\/\/www.fuldaernachrichten.de\/index.php?rest_route=\/wp\/v2\/users\/1"}],"replies":[{"embeddable":true,"href":"https:\/\/www.fuldaernachrichten.de\/index.php?rest_route=%2Fwp%2Fv2%2Fcomments&post=170144"}],"version-history":[{"count":1,"href":"https:\/\/www.fuldaernachrichten.de\/index.php?rest_route=\/wp\/v2\/posts\/170144\/revisions"}],"predecessor-version":[{"id":170147,"href":"https:\/\/www.fuldaernachrichten.de\/index.php?rest_route=\/wp\/v2\/posts\/170144\/revisions\/170147"}],"wp:featuredmedia":[{"embeddable":true,"href":"https:\/\/www.fuldaernachrichten.de\/index.php?rest_route=\/wp\/v2\/media\/170146"}],"wp:attachment":[{"href":"https:\/\/www.fuldaernachrichten.de\/index.php?rest_route=%2Fwp%2Fv2%2Fmedia&parent=170144"}],"wp:term":[{"taxonomy":"category","embeddable":true,"href":"https:\/\/www.fuldaernachrichten.de\/index.php?rest_route=%2Fwp%2Fv2%2Fcategories&post=170144"},{"taxonomy":"post_tag","embeddable":true,"href":"https:\/\/www.fuldaernachrichten.de\/index.php?rest_route=%2Fwp%2Fv2%2Ftags&post=170144"}],"curies":[{"name":"wp","href":"https:\/\/api.w.org\/{rel}","templated":true}]}}