{"id":170138,"date":"2017-12-11T09:24:41","date_gmt":"2017-12-11T08:24:41","guid":{"rendered":"http:\/\/www.fuldaer-nachrichten.de\/?p=170138"},"modified":"2017-12-11T09:24:41","modified_gmt":"2017-12-11T08:24:41","slug":"oekumenische-bahnhofsmission-fulda-ehrte-ehrenamtliche","status":"publish","type":"post","link":"https:\/\/www.fuldaernachrichten.de\/?p=170138","title":{"rendered":"\u00d6kumenische Bahnhofsmission Fulda ehrte Ehrenamtliche"},"content":{"rendered":"<p><a href=\"http:\/\/www.fuldaer-nachrichten.de\/wp-content\/uploads\/2017\/12\/021-RCV-BM-Ehrungen-051217-wim.jpg\"><img decoding=\"async\" class=\"alignleft size-thumbnail wp-image-170139\" src=\"http:\/\/www.fuldaer-nachrichten.de\/wp-content\/uploads\/2017\/12\/021-RCV-BM-Ehrungen-051217-wim-265x150.jpg\" alt=\"\" width=\"265\" height=\"150\" srcset=\"https:\/\/www.fuldaernachrichten.de\/wp-content\/uploads\/2017\/12\/021-RCV-BM-Ehrungen-051217-wim-265x150.jpg 265w, https:\/\/www.fuldaernachrichten.de\/wp-content\/uploads\/2017\/12\/021-RCV-BM-Ehrungen-051217-wim-768x436.jpg 768w, https:\/\/www.fuldaernachrichten.de\/wp-content\/uploads\/2017\/12\/021-RCV-BM-Ehrungen-051217-wim-600x341.jpg 600w, https:\/\/www.fuldaernachrichten.de\/wp-content\/uploads\/2017\/12\/021-RCV-BM-Ehrungen-051217-wim.jpg 900w\" sizes=\"(max-width: 265px) 100vw, 265px\" \/><\/a>Kirche am Bahnhof oder die \u201eBlauen Engel\u201c, so nennt man die Frauen und M\u00e4nner, die bei der \u00d6kumenischen Bahnhofsmission in Fulda Dienst tun. Bei der adventlichen Feier wurden acht Ehrenamtliche von den Tr\u00e4gern Caritas und Diakonie f\u00fcr Ihre mehrj\u00e4hrige Mitarbeit geehrt. Advent sei eine Zeit zum Innehalten und das Jahr Revue passieren zu lassen, so Diakoniepfarrer Lars Peter Rilke. Es sei auch eine Zeit Dank zu sagen f\u00fcr den ehrenamtlichen Einsatz f\u00fcr Menschen auf Reisen und Hilfesuchende. Die Arbeit in der Bahnhofsmission setze ein Herz f\u00fcr Menschen und ein L\u00e4cheln in schwierigen Situationen voraus, erg\u00e4nzte Werner Althaus, stellvertretender Gesch\u00e4ftsf\u00fchrer des Caritasverbandes f\u00fcr die Regionen Fulda und Geisa. Man brauch aber auch Durchhalteverm\u00f6gen und ein wenig Mut. So sei es auch konsequent Ehrenamtliche nicht erst nach 25 oder mehr Jahren zu ehren, sondern mit der Anerkennung und Wertsch\u00e4tzung der Arbeit fr\u00fcher zu beginnen. F\u00fcr f\u00fcnfj\u00e4hriges Engagement erhielten Monika Bouda, Rita Ray, Irina Wagner (alle aus Fulda) sowie Marita M\u00f6ller (H\u00fcnfeld) die Urkunde der Konferenz der Kirchlichen Bahnhofsmissionen in Deutschland (KKBM). Allen gemein sei, dass sie eine sinnvolle gemeinn\u00fctzige Besch\u00e4ftigung gesucht h\u00e4tten und aus christlichem Selbstverst\u00e4ndnis die Arbeit mit nicht immer einfachen G\u00e4sten t\u00e4ten. Auch ihre freundliche und zuvorkommende Art und die Mithilfe bei der einladenden Gestaltung der R\u00e4umlichkeiten der Bahnhofsmission sei anerkennenswert, betonte Monika Niestroj, Leiterin der \u00d6kumenischen Bahnhofsmission. Das gelte auch f\u00fcr Waltraud Riedl, Fulda und Brigitte Sauer, Petersberg, die f\u00fcr 10 Jahre neben der Ehrenurkunde der KKBM noch die Ehrenurkunde mit Nadel des Deutschen Caritasverbandes erhielten. Sie alle h\u00e4tten keine Ber\u00fchrungs\u00e4ngste und meisterten in ihrer besonnenen Art auch schwierige Situationen. F\u00fcr 11 Jahre wurde Gregor Farnung, Poppenhausen geehrt. Mit Bedauern m\u00fcsse man ihn aus dem aktiven Dienst verabschieden. Seine ruhige, freundliche und kompetente Arbeit werde man vermissen. Die Ehrenurkunde der Konferenz der Kirchlichen Bahnhofsmissionen sowie die Silberne Ehrennadel mit Urkunde des Deutschen Caritasverbandes erhielt f\u00fcr 20 Jahre Evi Lomb, K\u00e4mmerzell. Seit Juli 2012 war sie zus\u00e4tzlich zu ihrem Dienst ehrenamtliche Vertreterin der Leitung. Ihr Einsatz und Bereitschaft zus\u00e4tzliche Schichten und organisatorische Arbeiten zu \u00fcbernehmen hoben die Tr\u00e4gervertreter besonders hervor. Evi Lomb sei ein gutes Beispiel, dass Bahnhofsmissionsarbeit trotz des unterschiedlichen Klientel und der und der oft vorhandenen sozialen Probleme langfristig machbar sei und auch Spa\u00df mache. Als und gratulierte den Jubilaren. Vertreter des Bahnhofsmanagements der Deutschen Bahn namentlich Leif Niklas Wulf und pers\u00f6nlich dankte G\u00fcnter Rustler. Die Mitarbeiterinnen und Mitarbeiter g\u00e4ben dem Bahnhof \u201eein warmes Gesicht\u201c. Die Deutsche Bahn k\u00f6nne deren Arbeit nicht ersetzen und stelle deshalb die R\u00e4umlichkeiten gerne zur Verf\u00fcgung.<\/p>\n<p>Mit adventlichen Impulsen, vorgetragen von Monika Bouda, Renate Lahann und Brigitte Sauer sowie Liedern, begleitet von Sylvia Sch\u00e4fer, hatte die Feier begonnen. Die Bahnhofsmission Fulda ist eine der wenigen Bahnhofsmissionen in Deutschland, in der ausschlie\u00dflich Ehrenamtliche Dienst tun. Wer sich f\u00fcr die Arbeit interessiert oder ehrenamtlich mitarbeiten will, kann sich wenden an Leiterin Monika Niestroj, 0661\/ 73327 oder fulda@bahnhofsmission.de;<br \/>\nwww.bahnhofsmission.de.<\/p>\n","protected":false},"excerpt":{"rendered":"<div class=\"tmnf_excerpt\"><p>Kirche am Bahnhof oder die \u201eBlauen Engel\u201c, so nennt man die Frauen und M\u00e4nner, die bei der \u00d6kumenischen Bahnhofsmission in Fulda Dienst tun. Bei der adventlichen Feier wurden acht Ehrenamtliche von den Tr\u00e4gern Caritas und Diakonie f\u00fcr Ihre mehrj\u00e4hrige Mitarbeit geehrt. Advent sei eine Zeit zum Innehalten und das Jahr Revue passieren zu lassen, so &hellip;<\/p>\n<\/div>","protected":false},"author":1,"featured_media":170140,"comment_status":"closed","ping_status":"closed","sticky":false,"template":"","format":"standard","meta":{"footnotes":""},"categories":[1],"tags":[],"class_list":["post-170138","post","type-post","status-publish","format-standard","has-post-thumbnail","hentry","category-startseite"],"_links":{"self":[{"href":"https:\/\/www.fuldaernachrichten.de\/index.php?rest_route=\/wp\/v2\/posts\/170138","targetHints":{"allow":["GET"]}}],"collection":[{"href":"https:\/\/www.fuldaernachrichten.de\/index.php?rest_route=\/wp\/v2\/posts"}],"about":[{"href":"https:\/\/www.fuldaernachrichten.de\/index.php?rest_route=\/wp\/v2\/types\/post"}],"author":[{"embeddable":true,"href":"https:\/\/www.fuldaernachrichten.de\/index.php?rest_route=\/wp\/v2\/users\/1"}],"replies":[{"embeddable":true,"href":"https:\/\/www.fuldaernachrichten.de\/index.php?rest_route=%2Fwp%2Fv2%2Fcomments&post=170138"}],"version-history":[{"count":1,"href":"https:\/\/www.fuldaernachrichten.de\/index.php?rest_route=\/wp\/v2\/posts\/170138\/revisions"}],"predecessor-version":[{"id":170141,"href":"https:\/\/www.fuldaernachrichten.de\/index.php?rest_route=\/wp\/v2\/posts\/170138\/revisions\/170141"}],"wp:featuredmedia":[{"embeddable":true,"href":"https:\/\/www.fuldaernachrichten.de\/index.php?rest_route=\/wp\/v2\/media\/170140"}],"wp:attachment":[{"href":"https:\/\/www.fuldaernachrichten.de\/index.php?rest_route=%2Fwp%2Fv2%2Fmedia&parent=170138"}],"wp:term":[{"taxonomy":"category","embeddable":true,"href":"https:\/\/www.fuldaernachrichten.de\/index.php?rest_route=%2Fwp%2Fv2%2Fcategories&post=170138"},{"taxonomy":"post_tag","embeddable":true,"href":"https:\/\/www.fuldaernachrichten.de\/index.php?rest_route=%2Fwp%2Fv2%2Ftags&post=170138"}],"curies":[{"name":"wp","href":"https:\/\/api.w.org\/{rel}","templated":true}]}}