{"id":170123,"date":"2017-12-11T09:21:41","date_gmt":"2017-12-11T08:21:41","guid":{"rendered":"http:\/\/www.fuldaer-nachrichten.de\/?p=170123"},"modified":"2017-12-11T09:21:41","modified_gmt":"2017-12-11T08:21:41","slug":"jahreshauptversammlung-des-spd-ortsvereins-flieden-mit-neuwahlen","status":"publish","type":"post","link":"https:\/\/www.fuldaernachrichten.de\/?p=170123","title":{"rendered":"Jahreshauptversammlung des SPD-Ortsvereins Flieden mit Neuwahlen"},"content":{"rendered":"<p>An der Jahreshauptversammlung des SPD-Ortsvereins Flieden mit Neuwahlen in der Gastst\u00e4tte \u201eZum Ochsen\u201c nahmen auch in diesem Jahr wieder zahlreiche Mitglieder teil. Besonders begr\u00fc\u00dfte der 1. Vorsitzende Marcus Lohfink unter den Anwesenden die Vorsitzende des SPD Unterbezirks Fulda, Sabine Waschke (MdL) und den SPD-Fraktionsvorsitzenden in der Gemeindevertretung Mark Bagus.<\/p>\n<p>In seinem T\u00e4tigkeitsbericht bedankte sich Vorsitzender Lohfink f\u00fcr die Unterst\u00fctzung bei den im letzten Jahr durchgef\u00fchrten Veranstaltungen, hier insbesondere f\u00fcr den zusammen mit dem OV-R\u00fcckers organisiertem Wahlwerbestand zur Bundestags- und Landratswahl vor dem REWE-Markt in Flieden. Weiter berichtete er \u00fcber eine stabile Mitgliederzahl des Ortsvereins, bedauerte allerdings in diesem Zusammenhang den fehlenden Nachwuchs.<\/p>\n<p>In seinem Jahresbericht lie\u00df Schriftf\u00fchrer und Fraktionsvorsitzender Mark Bagus noch einmal die Aktivit\u00e4ten des Ortsvereins \u2013 darunter insb. die Traditionsveranstaltungen wie Flohmarkt, Winterwanderung und Heringsessen \u2013 Revue passieren. In seiner Funktion als Fraktionsvorsitzender stellte er die politischen Ereignisse des vergangenen Jahres heraus und ging dar\u00fcber hinaus auf die Schwerpunkte der Fraktionsarbeit ein. Er berichtete von insg. 23 Initiativen und Antr\u00e4gen, welche z.T. erfolgreich in die Gemeindevertretung eingebracht wurden, stellte hierbei allerdings auch heraus, dass es nun darauf ankomme auf eine zeitnahe Umsetzung der Beschl\u00fcsse zu pochen.<\/p>\n<p>Der Kassenbericht von Gabriele Heil weist trotz der finanziellen Mehrbelastungen durch den Kommunalwahlkampf weiterhin stabile Verh\u00e4ltnisse aus. Kassenpr\u00fcfer Gerold Bagus best\u00e4tigte eine tadellose Kassenf\u00fchrung und beantragte die Entlastung des Vorstandes.<\/p>\n<p>Sabine Waschke ging in Ihren Gru\u00dfworten noch einmal auf die Bundestagswahl ein und bedauerte, dass die seitherige SPD-Bundestagsabgeordnete Birgit K\u00f6mpel einen erneuten Einzug in den Bundestag leider knapp verpasst hat. Weiterhin berichtete sie von geplanten Aktivit\u00e4ten auf Unterbezirksebene und zeigte sich erfreut \u00fcber ein Anwachsen der Mitgliederzahl im Unterbezirk Fulda, insbesondere in der Zeit nach der Bundestagswahl.<\/p>\n<p>Bei den anschlie\u00dfenden Neuwahlen wurde Marcus Lohfink in seinem Amt als Vorsitzender best\u00e4tigt. Mark Bagus wird f\u00fcr die n\u00e4chsten zwei Jahre als sein Stellvertreter fungieren. Zum neuen Schriftf\u00fchrer wurde Dirk Leitschuh gew\u00e4hlt, sowie Stefan Schaub als Stellvertreter. Im Amt best\u00e4tigt wurde Kassiererin Gabriele Heil, Stellvertreterin ist hier Gerlinde Hartmann. Als Beisitzer w\u00e4hlte die Versammlung Elisabeth Eckhardt und Horst Vormwald. Zu Kassenpr\u00fcfern wurden Gerold Bagus und Friedel Eckhardt benannt.<\/p>\n<p>Reibungslos wurden danach die anstehenden Delegiertenwahlen f\u00fcr Unterbezirksparteitage durchgef\u00fchrt. Zu Bezirks- Landes- und Bundesparteitagen entsendet der Ortsverein Josef Eich, Renata Schirmer und Mark Bagus. Im Zuge der Delegiertenwahlen f\u00fcr die Wahlkreiskonferenz zur Landtagswahl wurde die amtierende Landtagsabgeordnete Sabine Waschke einstimmig als erneute Kandidatin f\u00fcr den Wahlkreis 174 zu der im Jahr 2018 anstehenden Landtagswahl vorgeschlagen.<\/p>\n","protected":false},"excerpt":{"rendered":"<div class=\"tmnf_excerpt\"><p>An der Jahreshauptversammlung des SPD-Ortsvereins Flieden mit Neuwahlen in der Gastst\u00e4tte \u201eZum Ochsen\u201c nahmen auch in diesem Jahr wieder zahlreiche Mitglieder teil. Besonders begr\u00fc\u00dfte der 1. Vorsitzende Marcus Lohfink unter den Anwesenden die Vorsitzende des SPD Unterbezirks Fulda, Sabine Waschke (MdL) und den SPD-Fraktionsvorsitzenden in der Gemeindevertretung Mark Bagus. In seinem T\u00e4tigkeitsbericht bedankte sich Vorsitzender &hellip;<\/p>\n<\/div>","protected":false},"author":1,"featured_media":0,"comment_status":"closed","ping_status":"closed","sticky":false,"template":"","format":"standard","meta":{"footnotes":""},"categories":[1],"tags":[],"class_list":["post-170123","post","type-post","status-publish","format-standard","hentry","category-startseite"],"_links":{"self":[{"href":"https:\/\/www.fuldaernachrichten.de\/index.php?rest_route=\/wp\/v2\/posts\/170123","targetHints":{"allow":["GET"]}}],"collection":[{"href":"https:\/\/www.fuldaernachrichten.de\/index.php?rest_route=\/wp\/v2\/posts"}],"about":[{"href":"https:\/\/www.fuldaernachrichten.de\/index.php?rest_route=\/wp\/v2\/types\/post"}],"author":[{"embeddable":true,"href":"https:\/\/www.fuldaernachrichten.de\/index.php?rest_route=\/wp\/v2\/users\/1"}],"replies":[{"embeddable":true,"href":"https:\/\/www.fuldaernachrichten.de\/index.php?rest_route=%2Fwp%2Fv2%2Fcomments&post=170123"}],"version-history":[{"count":1,"href":"https:\/\/www.fuldaernachrichten.de\/index.php?rest_route=\/wp\/v2\/posts\/170123\/revisions"}],"predecessor-version":[{"id":170127,"href":"https:\/\/www.fuldaernachrichten.de\/index.php?rest_route=\/wp\/v2\/posts\/170123\/revisions\/170127"}],"wp:attachment":[{"href":"https:\/\/www.fuldaernachrichten.de\/index.php?rest_route=%2Fwp%2Fv2%2Fmedia&parent=170123"}],"wp:term":[{"taxonomy":"category","embeddable":true,"href":"https:\/\/www.fuldaernachrichten.de\/index.php?rest_route=%2Fwp%2Fv2%2Fcategories&post=170123"},{"taxonomy":"post_tag","embeddable":true,"href":"https:\/\/www.fuldaernachrichten.de\/index.php?rest_route=%2Fwp%2Fv2%2Ftags&post=170123"}],"curies":[{"name":"wp","href":"https:\/\/api.w.org\/{rel}","templated":true}]}}