{"id":170107,"date":"2017-12-07T11:27:21","date_gmt":"2017-12-07T10:27:21","guid":{"rendered":"http:\/\/www.fuldaer-nachrichten.de\/?p=170107"},"modified":"2017-12-07T11:27:21","modified_gmt":"2017-12-07T10:27:21","slug":"nach-preisuebergabe-in-berlin-fuldaer-wort-los-projekt-feiert-seinen-innovatio","status":"publish","type":"post","link":"https:\/\/www.fuldaernachrichten.de\/?p=170107","title":{"rendered":"Nach Preis\u00fcbergabe in Berlin: Fuldaer wort.los-Projekt feiert seinen \u201einnovatio\u201c"},"content":{"rendered":"<p>Nach der feierlichen Preisvergabe durch Caritas-Pr\u00e4sident Dr. Peter Neher und Diakonie-Pr\u00e4sident Ulrich Lilie bei einem Festakt k\u00fcrzlich in Berlin pr\u00e4sentierten die Macher und Anwender von \u201ewort.los\u201c ihr im Wettbewerb um den innovatio-Sozialpreis erfolgreiches Projekt und die Urkunde jetzt gemeinsam mit Di\u00f6zesan-Caritasdirektor Dr. Markus Juch in der Heimatstadt Fulda.<\/p>\n<p>wort.los, ein gemeinsames Projekt der Caritas Behindertenhilfe und Psychiatrie in Kooperation mit dem Sozialdienst f\u00fcr Geh\u00f6rlose des Regional-Caritasverbandes Fulda, hatte den Publikumspreis, eine vierw\u00f6chige Online-Abstimmung der \u00d6ffentlichkeit, f\u00fcr sich entscheiden k\u00f6nnen. wort.los zeigt f\u00fcr die Kommunikation mit Menschen, die aufgrund ihrer Einschr\u00e4nkungen nicht sprechen k\u00f6nnen oder wollen, Alternativen und Erg\u00e4nzungen zur Lautsprache auf. Neben Tafeln und Computern zur unterst\u00fctzten Kommunikation hat nat\u00fcrlich auch das Geb\u00e4rden eine wesentliche Funktion. Doch diese Geb\u00e4rden nutzen nat\u00fcrlich nur, wenn sie auch verstanden werden. An diesem Punkt setzt das Projekt wort.los an und m\u00f6chte \u2013 etwa im Bereich der Einrichtungen der Behindertenhilfe, aber auch in Kitas, Schulen und an anderen Institutionen m\u00f6glichst vielen Menschen Anregungen geben, sich mit der Geb\u00e4rdensprache und unterst\u00fctzter Kommunikation auseinanderzusetzen.<\/p>\n<p>Die Laudatio auf wort.los und den Hauptpreistr\u00e4ger der Jury, das Hamburger Pr\u00e4ventionsprojekt \u201eGefangene helfen Jugendlichen\u201c, hatte in Berlin Caritas-Pr\u00e4sident Dr. Peter Neher gehalten. Den innovatio-Preis stiften alle zwei Jahre die Versicherer im Raum der Kirchen \u2013 vrk mit Sitz in Detmold und Kassel. Unser Foto zeigt Di\u00f6zesan-Caritasdirektor Dr. Markus Juch sowie die Fuldaer Werkst\u00e4ttenleiterin Melanie Odenwald mit Werkstatt-Mitarbeiter Christian Beck (h\u00e4lt die Urkunde) und den f\u00fcr den Dienst f\u00fcr H\u00f6rgesch\u00e4digte zust\u00e4ndigen Sipl.-Sozialarbeiter Werner Althaus, zugleich stellv. Gesch\u00e4ftsf\u00fchrer beim Caritasverband f\u00fcr die Regionen Fulda und Geisa, mit vielen Besuchern vom Mittwochs-Treff der Geh\u00f6rlosen. Mehr zu wort.los finden Interessierte im Internet unter www.wort-los-fulda.de.<\/p>\n","protected":false},"excerpt":{"rendered":"<div class=\"tmnf_excerpt\"><p>Nach der feierlichen Preisvergabe durch Caritas-Pr\u00e4sident Dr. Peter Neher und Diakonie-Pr\u00e4sident Ulrich Lilie bei einem Festakt k\u00fcrzlich in Berlin pr\u00e4sentierten die Macher und Anwender von \u201ewort.los\u201c ihr im Wettbewerb um den innovatio-Sozialpreis erfolgreiches Projekt und die Urkunde jetzt gemeinsam mit Di\u00f6zesan-Caritasdirektor Dr. Markus Juch in der Heimatstadt Fulda. wort.los, ein gemeinsames Projekt der Caritas Behindertenhilfe &hellip;<\/p>\n<\/div>","protected":false},"author":1,"featured_media":170108,"comment_status":"closed","ping_status":"closed","sticky":false,"template":"","format":"standard","meta":{"footnotes":""},"categories":[1],"tags":[],"class_list":["post-170107","post","type-post","status-publish","format-standard","has-post-thumbnail","hentry","category-startseite"],"_links":{"self":[{"href":"https:\/\/www.fuldaernachrichten.de\/index.php?rest_route=\/wp\/v2\/posts\/170107","targetHints":{"allow":["GET"]}}],"collection":[{"href":"https:\/\/www.fuldaernachrichten.de\/index.php?rest_route=\/wp\/v2\/posts"}],"about":[{"href":"https:\/\/www.fuldaernachrichten.de\/index.php?rest_route=\/wp\/v2\/types\/post"}],"author":[{"embeddable":true,"href":"https:\/\/www.fuldaernachrichten.de\/index.php?rest_route=\/wp\/v2\/users\/1"}],"replies":[{"embeddable":true,"href":"https:\/\/www.fuldaernachrichten.de\/index.php?rest_route=%2Fwp%2Fv2%2Fcomments&post=170107"}],"version-history":[{"count":1,"href":"https:\/\/www.fuldaernachrichten.de\/index.php?rest_route=\/wp\/v2\/posts\/170107\/revisions"}],"predecessor-version":[{"id":170109,"href":"https:\/\/www.fuldaernachrichten.de\/index.php?rest_route=\/wp\/v2\/posts\/170107\/revisions\/170109"}],"wp:featuredmedia":[{"embeddable":true,"href":"https:\/\/www.fuldaernachrichten.de\/index.php?rest_route=\/wp\/v2\/media\/170108"}],"wp:attachment":[{"href":"https:\/\/www.fuldaernachrichten.de\/index.php?rest_route=%2Fwp%2Fv2%2Fmedia&parent=170107"}],"wp:term":[{"taxonomy":"category","embeddable":true,"href":"https:\/\/www.fuldaernachrichten.de\/index.php?rest_route=%2Fwp%2Fv2%2Fcategories&post=170107"},{"taxonomy":"post_tag","embeddable":true,"href":"https:\/\/www.fuldaernachrichten.de\/index.php?rest_route=%2Fwp%2Fv2%2Ftags&post=170107"}],"curies":[{"name":"wp","href":"https:\/\/api.w.org\/{rel}","templated":true}]}}