{"id":170097,"date":"2017-12-07T11:21:54","date_gmt":"2017-12-07T10:21:54","guid":{"rendered":"http:\/\/www.fuldaer-nachrichten.de\/?p=170097"},"modified":"2017-12-07T11:21:54","modified_gmt":"2017-12-07T10:21:54","slug":"casting-fu%cc%88r-kinderdarsteller","status":"publish","type":"post","link":"https:\/\/www.fuldaernachrichten.de\/?p=170097","title":{"rendered":"Casting fu\u00cc\u02c6r Kinderdarsteller"},"content":{"rendered":"<p>Am Samstag, den 16. Dezember 2017, findet ab 14.00 Uhr ein gro\u00dfes Casting fu\u00cc\u02c6r die Besetzung der Kinderrollen des Musicalsommers Fulda 2018 statt.<\/p>\n<p>Fu\u00cc\u02c6r das Musical \u201eDie P\u00e4pstin\u201c werden \u201eKlosterschu\u00cc\u02c6ler\u201c gesucht, fu\u00cc\u02c6r \u201eDer Medicus\u201c der \u201ekleine Rob \/ Samuel\u201c und fu\u00cc\u02c6r \u201eDie Schatzinsel\u201c der Kinderhauptdarsteller \u201eLloyd \/ Jim\u201c. Die Bewerber sollten zwischen 8 und 14 Jahren alt und nicht gr\u00f6\u00dfer als 1,65m sein. Bei entsprechender Eignung k\u00f6nnen sich auch M\u00e4dchen bewerben.<\/p>\n<p>Bewerbungsschluss ist Montag, der 11.12.2017. Die genauen Rollenprofile und Charakterbeschreibungen sowie das Anmeldeformular und weitere Informationen finden sie auf der Homepage von spotlight musicals unter www.spotlight-musicals.de\/casting.<\/p>\n","protected":false},"excerpt":{"rendered":"<div class=\"tmnf_excerpt\"><p>Am Samstag, den 16. Dezember 2017, findet ab 14.00 Uhr ein gro\u00dfes Casting fu\u00cc\u02c6r die Besetzung der Kinderrollen des Musicalsommers Fulda 2018 statt. Fu\u00cc\u02c6r das Musical \u201eDie P\u00e4pstin\u201c werden \u201eKlosterschu\u00cc\u02c6ler\u201c gesucht, fu\u00cc\u02c6r \u201eDer Medicus\u201c der \u201ekleine Rob \/ Samuel\u201c und fu\u00cc\u02c6r \u201eDie Schatzinsel\u201c der Kinderhauptdarsteller \u201eLloyd \/ Jim\u201c. Die Bewerber sollten zwischen 8 und 14 &hellip;<\/p>\n<\/div>","protected":false},"author":1,"featured_media":0,"comment_status":"closed","ping_status":"closed","sticky":false,"template":"","format":"standard","meta":{"footnotes":""},"categories":[1],"tags":[],"class_list":["post-170097","post","type-post","status-publish","format-standard","hentry","category-startseite"],"_links":{"self":[{"href":"https:\/\/www.fuldaernachrichten.de\/index.php?rest_route=\/wp\/v2\/posts\/170097","targetHints":{"allow":["GET"]}}],"collection":[{"href":"https:\/\/www.fuldaernachrichten.de\/index.php?rest_route=\/wp\/v2\/posts"}],"about":[{"href":"https:\/\/www.fuldaernachrichten.de\/index.php?rest_route=\/wp\/v2\/types\/post"}],"author":[{"embeddable":true,"href":"https:\/\/www.fuldaernachrichten.de\/index.php?rest_route=\/wp\/v2\/users\/1"}],"replies":[{"embeddable":true,"href":"https:\/\/www.fuldaernachrichten.de\/index.php?rest_route=%2Fwp%2Fv2%2Fcomments&post=170097"}],"version-history":[{"count":1,"href":"https:\/\/www.fuldaernachrichten.de\/index.php?rest_route=\/wp\/v2\/posts\/170097\/revisions"}],"predecessor-version":[{"id":170100,"href":"https:\/\/www.fuldaernachrichten.de\/index.php?rest_route=\/wp\/v2\/posts\/170097\/revisions\/170100"}],"wp:attachment":[{"href":"https:\/\/www.fuldaernachrichten.de\/index.php?rest_route=%2Fwp%2Fv2%2Fmedia&parent=170097"}],"wp:term":[{"taxonomy":"category","embeddable":true,"href":"https:\/\/www.fuldaernachrichten.de\/index.php?rest_route=%2Fwp%2Fv2%2Fcategories&post=170097"},{"taxonomy":"post_tag","embeddable":true,"href":"https:\/\/www.fuldaernachrichten.de\/index.php?rest_route=%2Fwp%2Fv2%2Ftags&post=170097"}],"curies":[{"name":"wp","href":"https:\/\/api.w.org\/{rel}","templated":true}]}}