{"id":170085,"date":"2017-12-07T11:06:41","date_gmt":"2017-12-07T10:06:41","guid":{"rendered":"http:\/\/www.fuldaer-nachrichten.de\/?p=170085"},"modified":"2017-12-07T11:06:41","modified_gmt":"2017-12-07T10:06:41","slug":"sting-kommt-im-juli-nach-fulda","status":"publish","type":"post","link":"https:\/\/www.fuldaernachrichten.de\/?p=170085","title":{"rendered":"Sting kommt im Juli nach Fulda"},"content":{"rendered":"<p><a href=\"http:\/\/www.fuldaer-nachrichten.de\/wp-content\/uploads\/2017\/12\/Sting-Foto_Martin-Kierszenbaum.jpg\"><img fetchpriority=\"high\" decoding=\"async\" src=\"http:\/\/www.fuldaer-nachrichten.de\/wp-content\/uploads\/2017\/12\/Sting-Foto_Martin-Kierszenbaum-265x287.jpg\" alt=\"\" width=\"265\" height=\"287\" class=\"alignleft size-thumbnail wp-image-170086\" srcset=\"https:\/\/www.fuldaernachrichten.de\/wp-content\/uploads\/2017\/12\/Sting-Foto_Martin-Kierszenbaum-265x287.jpg 265w, https:\/\/www.fuldaernachrichten.de\/wp-content\/uploads\/2017\/12\/Sting-Foto_Martin-Kierszenbaum-245x265.jpg 245w, https:\/\/www.fuldaernachrichten.de\/wp-content\/uploads\/2017\/12\/Sting-Foto_Martin-Kierszenbaum-768x832.jpg 768w, https:\/\/www.fuldaernachrichten.de\/wp-content\/uploads\/2017\/12\/Sting-Foto_Martin-Kierszenbaum-554x600.jpg 554w, https:\/\/www.fuldaernachrichten.de\/wp-content\/uploads\/2017\/12\/Sting-Foto_Martin-Kierszenbaum.jpg 900w\" sizes=\"(max-width: 265px) 100vw, 265px\" \/><\/a>Zweiter Kracher f\u00fcr die Fuldaer Domplatzkonzerte 2018: Der britische Ausnahmek\u00fcnstler Sting kommt am Donnerstag, 12. Juli 2018, zu einem Open-Air-Konzert nach Fulda. Um 19.30 Uhr beginnt das Konzert vor der einzigartigen Kulisse von barockem Dom und mittelalterlicher Michaelskirche &#8211; an gleicher Stelle, an der tags darauf die norwegische 80er-Jahre-Kultband a-ha gastiert. Zwei Formationen von Weltruf also im Juli 2018 in Fulda!  <\/p>\n<p>Fuldas Oberb\u00fcrgermeister Dr. Heiko Wingenfeld reagierte erfreut, \u201edass es gelungen ist, einen solch herausragenden K\u00fcnstler f\u00fcr einen Auftritt auf dem Fuldaer Domplatz zu gewinnen.\u201c Der OB zeigte sich zuversichtlich, dass es Sting gelingen werde, \u201edem besonderen historischen Ambiente des Veranstaltungsorts vollauf gerecht zu werden\u201c. Mit den beiden Konzerten 2018 f\u00fcge man der erfolgreichen Fuldaer Reihe eine weitere Facette von internationalem Format hinzu. <\/p>\n<p>Der Songschreiber, S\u00e4nger, Schauspieler, Aktivist und Buchautor Sting kam unter seinem b\u00fcrgerlichen Namen Gordon Sumner im englischen Newcastle zur Welt. 1977 zog er nach London, wo er gemeinsam mit Stewart Copeland und Andy Summers die Band The Police gr\u00fcndete. 1979 erschien das The-Police-Deb\u00fct \u201eOutlandos d\u00e2\u20ac\u2122Amour\u00e2\u20ac\u009d mit Andy Summers an der Gitarre und Stewart Copeland am Schlagzeug. Stilistisch war die Band irgendwo zwischen Rock, Post-Punk und New Wave angesiedelt. Mit \u201eSo Lonely\u00e2\u20ac\u009d und \u201eRoxanne\u00e2\u20ac\u009d befanden sich gleich zwei der zeitlosen \u201ePolice\u00e2\u20ac\u009d-Megahits auf dieser ersten Platte. The Police ver\u00f6ffentlichten insgesamt f\u00fcnf Studioalben und gewannen daf\u00fcr gleich sechs Grammy Awards sowie zwei Brit Awards.<\/p>\n<p>Nach dem Ende von The Police erfand sich Sting als Solok\u00fcnstler neu. Seit Mitte der Achtziger hat er bis dato 11 Alben als Solok\u00fcnstler ver\u00f6ffentlicht und daf\u00fcr 10 weitere Grammy Awards sowie zahlreiche weitere Auszeichnungen. Als Solok\u00fcnstler auch in der Songwriters Hall of Fame vertreten, kombiniert man die Zahlen von The Police mit denen seiner Solover\u00f6ffentlichungen, hat Sting im Verlauf seiner einzigartigen Karriere rund 100 Millionen Alben verkauft. Mit seinem bislang letzten Album \u201e57th &#038; 9th\u00e2\u20ac\u009d kehrte Sting 2016 zu seinen rockigen Wurzeln zur\u00fcck. Der Titel des Albums bezieht sich auf jene Kreuzung in Manhattan, die Sting jeden Tag \u00fcberqueren musste auf dem Weg zum Studio in Hell\u00e2\u20ac\u2122s Kitchen, wo der Longplayer aufgenommen wurde. <\/p>\n<p>Doch nicht nur musikalisch hinterl\u00e4sst der Engl\u00e4nder seit Jahrzehnten seine Fu\u00dfspuren. Stings Unterst\u00fctzung f\u00fcr Menschenrechtsorganisationen wie Amnesty International und Live Aid dokumentieren sein weltweites humanit\u00e4res Engagement. Mit seiner Ehefrau Trudie Styler gr\u00fcndete er 1989 den Rainforest Fund zum Schutz der Regenw\u00e4lder und ihrer bedrohten Bev\u00f6lkerung. Gemeinsam haben sie 17 Konzerte organisiert, um die Welt f\u00fcr dieses Thema zu sensibilisieren und Spenden zu sammeln. <\/p>\n<p>Karten: Der allgemeine Vorverkauf f\u00fcr das Sting-Konzert auf dem Fuldaer Domplatz beginnt am Freitag 8. Dezember; Karten gibt es bei den Gesch\u00e4ftsstellen der Tageszeitungen, bei allen bekannten Vorverkaufsstellen und online auf www.provinztour.de.<br \/>\nTicket-Hotline: (06 61) 280 644.<\/p>\n<p>Rollstuhlfahrerpl\u00e4tze und Eintrittskarten f\u00fcr Menschen mit 100 Prozent Schwerbehinderung und der Notwendigkeit einer Begleitperson sind ausschlie\u00dflich bei Provinztour unter Telefon (07139) 547 oder ticket@provinztour.de erh\u00e4ltlich.<br \/>\nKinder unter 6 Jahren haben auch in Begleitung eines Erwachsenen zum Stehplatzbereich keinen Zutritt.<br \/>\nKinder unter 3 Jahren haben auch in Begleitung eines Erwachsenen zum Sitzplatzbereich keinen Zutritt.<\/p>\n","protected":false},"excerpt":{"rendered":"<div class=\"tmnf_excerpt\"><p>Zweiter Kracher f\u00fcr die Fuldaer Domplatzkonzerte 2018: Der britische Ausnahmek\u00fcnstler Sting kommt am Donnerstag, 12. Juli 2018, zu einem Open-Air-Konzert nach Fulda. Um 19.30 Uhr beginnt das Konzert vor der einzigartigen Kulisse von barockem Dom und mittelalterlicher Michaelskirche &#8211; an gleicher Stelle, an der tags darauf die norwegische 80er-Jahre-Kultband a-ha gastiert. Zwei Formationen von Weltruf &hellip;<\/p>\n<\/div>","protected":false},"author":1,"featured_media":170087,"comment_status":"closed","ping_status":"closed","sticky":false,"template":"","format":"standard","meta":{"footnotes":""},"categories":[1],"tags":[],"class_list":["post-170085","post","type-post","status-publish","format-standard","has-post-thumbnail","hentry","category-startseite"],"_links":{"self":[{"href":"https:\/\/www.fuldaernachrichten.de\/index.php?rest_route=\/wp\/v2\/posts\/170085","targetHints":{"allow":["GET"]}}],"collection":[{"href":"https:\/\/www.fuldaernachrichten.de\/index.php?rest_route=\/wp\/v2\/posts"}],"about":[{"href":"https:\/\/www.fuldaernachrichten.de\/index.php?rest_route=\/wp\/v2\/types\/post"}],"author":[{"embeddable":true,"href":"https:\/\/www.fuldaernachrichten.de\/index.php?rest_route=\/wp\/v2\/users\/1"}],"replies":[{"embeddable":true,"href":"https:\/\/www.fuldaernachrichten.de\/index.php?rest_route=%2Fwp%2Fv2%2Fcomments&post=170085"}],"version-history":[{"count":1,"href":"https:\/\/www.fuldaernachrichten.de\/index.php?rest_route=\/wp\/v2\/posts\/170085\/revisions"}],"predecessor-version":[{"id":170088,"href":"https:\/\/www.fuldaernachrichten.de\/index.php?rest_route=\/wp\/v2\/posts\/170085\/revisions\/170088"}],"wp:featuredmedia":[{"embeddable":true,"href":"https:\/\/www.fuldaernachrichten.de\/index.php?rest_route=\/wp\/v2\/media\/170087"}],"wp:attachment":[{"href":"https:\/\/www.fuldaernachrichten.de\/index.php?rest_route=%2Fwp%2Fv2%2Fmedia&parent=170085"}],"wp:term":[{"taxonomy":"category","embeddable":true,"href":"https:\/\/www.fuldaernachrichten.de\/index.php?rest_route=%2Fwp%2Fv2%2Fcategories&post=170085"},{"taxonomy":"post_tag","embeddable":true,"href":"https:\/\/www.fuldaernachrichten.de\/index.php?rest_route=%2Fwp%2Fv2%2Ftags&post=170085"}],"curies":[{"name":"wp","href":"https:\/\/api.w.org\/{rel}","templated":true}]}}