{"id":170083,"date":"2017-12-07T11:07:13","date_gmt":"2017-12-07T10:07:13","guid":{"rendered":"http:\/\/www.fuldaer-nachrichten.de\/?p=170083"},"modified":"2017-12-07T11:07:13","modified_gmt":"2017-12-07T10:07:13","slug":"praevention-in-kitas-und-schulen-im-auftrieb-2","status":"publish","type":"post","link":"https:\/\/www.fuldaernachrichten.de\/?p=170083","title":{"rendered":"Pr\u00e4vention in Kitas und Schulen im Auftrieb"},"content":{"rendered":"<p>F\u00fcr Pr\u00e4ventionsprojekte vor allem in Kitas und Schulen hat die AOK Hessen in 2017 \u00fcber 3,2 Mio. Euro ausgegeben. Insgesamt 30 Programme und Initiativen wurden gef\u00f6rdert und rund 90.000 Personen, in erster Linie Kinder und Jugendliche, erreicht. Nie zuvor haben so viele Kinder und Jugendlichen von Pr\u00e4ventionsleistungen in Kitas und Schulen profitiert.<\/p>\n<p>Auch bei ihrem eigenen Kursprogramm konnte die Gesundheitskasse gegen\u00fcber 2016 deutlich zulegen: 711 Kurse fanden hessenweit statt (2016: 455), insgesamt 8.036 Teilnehmerinnen und Teilnehmer waren dabei (2016: 5344). Au\u00dferdem wurden 1,7 Mio. Euro f\u00fcr die Erstattung von Kurskosten bei anderen, zertifizierten Anbietern \u00fcbernommen. Das sind 55 Prozent mehr als im Vorjahr. F\u00fcr die Gesundheitsf\u00f6rderung in Betrieben kommen zus\u00e4tzlich noch 3,2 Mio. Euro hinzu.<\/p>\n","protected":false},"excerpt":{"rendered":"<div class=\"tmnf_excerpt\"><p>F\u00fcr Pr\u00e4ventionsprojekte vor allem in Kitas und Schulen hat die AOK Hessen in 2017 \u00fcber 3,2 Mio. Euro ausgegeben. Insgesamt 30 Programme und Initiativen wurden gef\u00f6rdert und rund 90.000 Personen, in erster Linie Kinder und Jugendliche, erreicht. Nie zuvor haben so viele Kinder und Jugendlichen von Pr\u00e4ventionsleistungen in Kitas und Schulen profitiert. Auch bei ihrem &hellip;<\/p>\n<\/div>","protected":false},"author":1,"featured_media":0,"comment_status":"closed","ping_status":"closed","sticky":false,"template":"","format":"standard","meta":{"footnotes":""},"categories":[1],"tags":[],"class_list":["post-170083","post","type-post","status-publish","format-standard","hentry","category-startseite"],"_links":{"self":[{"href":"https:\/\/www.fuldaernachrichten.de\/index.php?rest_route=\/wp\/v2\/posts\/170083","targetHints":{"allow":["GET"]}}],"collection":[{"href":"https:\/\/www.fuldaernachrichten.de\/index.php?rest_route=\/wp\/v2\/posts"}],"about":[{"href":"https:\/\/www.fuldaernachrichten.de\/index.php?rest_route=\/wp\/v2\/types\/post"}],"author":[{"embeddable":true,"href":"https:\/\/www.fuldaernachrichten.de\/index.php?rest_route=\/wp\/v2\/users\/1"}],"replies":[{"embeddable":true,"href":"https:\/\/www.fuldaernachrichten.de\/index.php?rest_route=%2Fwp%2Fv2%2Fcomments&post=170083"}],"version-history":[{"count":1,"href":"https:\/\/www.fuldaernachrichten.de\/index.php?rest_route=\/wp\/v2\/posts\/170083\/revisions"}],"predecessor-version":[{"id":170092,"href":"https:\/\/www.fuldaernachrichten.de\/index.php?rest_route=\/wp\/v2\/posts\/170083\/revisions\/170092"}],"wp:attachment":[{"href":"https:\/\/www.fuldaernachrichten.de\/index.php?rest_route=%2Fwp%2Fv2%2Fmedia&parent=170083"}],"wp:term":[{"taxonomy":"category","embeddable":true,"href":"https:\/\/www.fuldaernachrichten.de\/index.php?rest_route=%2Fwp%2Fv2%2Fcategories&post=170083"},{"taxonomy":"post_tag","embeddable":true,"href":"https:\/\/www.fuldaernachrichten.de\/index.php?rest_route=%2Fwp%2Fv2%2Ftags&post=170083"}],"curies":[{"name":"wp","href":"https:\/\/api.w.org\/{rel}","templated":true}]}}