{"id":170077,"date":"2017-12-07T11:05:38","date_gmt":"2017-12-07T10:05:38","guid":{"rendered":"http:\/\/www.fuldaer-nachrichten.de\/?p=170077"},"modified":"2017-12-07T11:05:38","modified_gmt":"2017-12-07T10:05:38","slug":"seniorentanz-am-sonntagnachmittag-23","status":"publish","type":"post","link":"https:\/\/www.fuldaernachrichten.de\/?p=170077","title":{"rendered":"Seniorentanz am Sonntagnachmittag"},"content":{"rendered":"<p>Am Sonntag, den 10. Dezember, um 13:30 Uhr findet im Forum des Kanzlerpalais (Volkshochschule der Stadt Fulda) neben der Stadtpfarrkirche Seniorentanz statt.<\/p>\n<p>Der Name \u201eSeniorentanz\u201c steht fu\u00cc\u02c6r eine Aktivit\u00e4t, die sowohl fu\u00cc\u02c6r Freude an der Bewegung nach Musik, als auch fu\u00cc\u02c6r Begegnung mit Gleichgesinnten steht. Diese T\u00e4nze sind auch fu\u00cc\u02c6r ju\u00cc\u02c6ngere Menschen eine Herausforderung. Es handelt sich um Kreist\u00e4nze mit und ohne Partner, Kontrat\u00e4nze, Square Dance sowie Blockt\u00e4nze. Die Tanzansagen erfolgen durch fach-kompetente Tanzleiterinnen und Tanzleiter des Bundesverbandes Seniorentanz.<br \/>\nZu der Veranstaltung braucht man keinen Partner\/Partnerin mitzubringen.<br \/>\nFulda, 16.11.2017<\/p>\n","protected":false},"excerpt":{"rendered":"<div class=\"tmnf_excerpt\"><p>Am Sonntag, den 10. Dezember, um 13:30 Uhr findet im Forum des Kanzlerpalais (Volkshochschule der Stadt Fulda) neben der Stadtpfarrkirche Seniorentanz statt. Der Name \u201eSeniorentanz\u201c steht fu\u00cc\u02c6r eine Aktivit\u00e4t, die sowohl fu\u00cc\u02c6r Freude an der Bewegung nach Musik, als auch fu\u00cc\u02c6r Begegnung mit Gleichgesinnten steht. Diese T\u00e4nze sind auch fu\u00cc\u02c6r ju\u00cc\u02c6ngere Menschen eine Herausforderung. Es &hellip;<\/p>\n<\/div>","protected":false},"author":1,"featured_media":0,"comment_status":"closed","ping_status":"closed","sticky":false,"template":"","format":"standard","meta":{"footnotes":""},"categories":[1],"tags":[],"class_list":["post-170077","post","type-post","status-publish","format-standard","hentry","category-startseite"],"_links":{"self":[{"href":"https:\/\/www.fuldaernachrichten.de\/index.php?rest_route=\/wp\/v2\/posts\/170077","targetHints":{"allow":["GET"]}}],"collection":[{"href":"https:\/\/www.fuldaernachrichten.de\/index.php?rest_route=\/wp\/v2\/posts"}],"about":[{"href":"https:\/\/www.fuldaernachrichten.de\/index.php?rest_route=\/wp\/v2\/types\/post"}],"author":[{"embeddable":true,"href":"https:\/\/www.fuldaernachrichten.de\/index.php?rest_route=\/wp\/v2\/users\/1"}],"replies":[{"embeddable":true,"href":"https:\/\/www.fuldaernachrichten.de\/index.php?rest_route=%2Fwp%2Fv2%2Fcomments&post=170077"}],"version-history":[{"count":1,"href":"https:\/\/www.fuldaernachrichten.de\/index.php?rest_route=\/wp\/v2\/posts\/170077\/revisions"}],"predecessor-version":[{"id":170080,"href":"https:\/\/www.fuldaernachrichten.de\/index.php?rest_route=\/wp\/v2\/posts\/170077\/revisions\/170080"}],"wp:attachment":[{"href":"https:\/\/www.fuldaernachrichten.de\/index.php?rest_route=%2Fwp%2Fv2%2Fmedia&parent=170077"}],"wp:term":[{"taxonomy":"category","embeddable":true,"href":"https:\/\/www.fuldaernachrichten.de\/index.php?rest_route=%2Fwp%2Fv2%2Fcategories&post=170077"},{"taxonomy":"post_tag","embeddable":true,"href":"https:\/\/www.fuldaernachrichten.de\/index.php?rest_route=%2Fwp%2Fv2%2Ftags&post=170077"}],"curies":[{"name":"wp","href":"https:\/\/api.w.org\/{rel}","templated":true}]}}