{"id":170032,"date":"2017-12-07T10:55:12","date_gmt":"2017-12-07T09:55:12","guid":{"rendered":"http:\/\/www.fuldaer-nachrichten.de\/?p=170032"},"modified":"2017-12-07T10:55:12","modified_gmt":"2017-12-07T09:55:12","slug":"die-adventsbotschaft-ging-mir-direkt-ins-herz-getanztes-abendgebet-in-vollbesetzter-welkerser-kirche","status":"publish","type":"post","link":"https:\/\/www.fuldaernachrichten.de\/?p=170032","title":{"rendered":"\u201eDie Adventsbotschaft ging mir direkt ins Herz\u201c \u2013 getanztes Abendgebet in vollbesetzter Welkerser Kirche"},"content":{"rendered":"<p>Am ersten Advent fand in der Heilig-Kreuz-Kirche in Welkers ein \u201egetanztes Abendgebet\u201c statt, an dem rund 250 Besucher teilnahmen. Unter dem Leitwort \u201eWachet auf, ruft uns die Stimme\u201c wurde das liturgische Abendgebet der Kirche als ein Gesamtkunstwerk aus Tanz, Musik, Licht und Wort gestaltet. <\/p>\n<p>Die k\u00fcnstlerische Leitung dieser Veranstaltung hatte Doroth\u00e9e Bretz, T\u00e4nzerin und Choreographin aus Fulda. Die musikalische Gestaltung \u00fcbernahmen Stefan Auth (Orgel), Klaus Schenk (Marimba, Percussion), Pauline Auth (Querfl\u00f6te) und Eva Sch\u00f6nherr (Gesang). Die liturgische Leitung dieses besonderen Abendgebets hatte Pfr. Guido Pasenow, der sich dar\u00fcber freute, Besucher aus allen Teilen des Pastoralverbunds zu begr\u00fc\u00dfen.<\/p>\n<p>Tanzbegeisterte M\u00e4dchen und junge Frauen aus Eichenzell und Umgebung \u00fcbernahmen die darstellerischen Parts, die sie unter Anleitung von Doroth\u00e9e Bretz an einem Tanzprojektwochenende erarbeitet hatten. <\/p>\n<p>Begeistert und ber\u00fchrt zeigten sich die Teilnehmer des Abendgebets von den Anregungen zu Gedanken und Gebet im Advent durch die Darbietungen der T\u00e4nzerinnen sowie der Musiker und dem Gesang: \u201eMir ging heute Abend die Botschaft von Advent direkt ins Herz\u201c, meldete eine Besucherin zur\u00fcck. \u201eDie dargestellten Bilder und Szenen von `Maria durch den Dornwald ging\u00c2\u00b4, untermalt mit vertrauter Weihnachtsmusik, haben mich ber\u00fchrt\u201c, erl\u00e4uterte eine weitere Person. Beim Verlassen der Kirche sagte ein anderer Besucher: \u201eHerrlich, gro\u00dfartig und so anmutig!\u201c.<br \/>\nAuch wenn dieses getanzte Abendgebet explizit keine Show darstellen sollte, wurde am Ende aber nat\u00fcrlich geklatscht &#8211; es gab sogar stehende Ovationen.<\/p>\n<p>Veranstalter dieses k\u00fcnstlerischen Projekts im Advent war die Pfarrgemeinde Eichenzell in Kooperation mit \u201eTanzblick freies Tanztheater\u201c und dem Sachgebiet Neuevangelisierung im Bistum Fulda.<\/p>\n","protected":false},"excerpt":{"rendered":"<div class=\"tmnf_excerpt\"><p>Am ersten Advent fand in der Heilig-Kreuz-Kirche in Welkers ein \u201egetanztes Abendgebet\u201c statt, an dem rund 250 Besucher teilnahmen. Unter dem Leitwort \u201eWachet auf, ruft uns die Stimme\u201c wurde das liturgische Abendgebet der Kirche als ein Gesamtkunstwerk aus Tanz, Musik, Licht und Wort gestaltet. Die k\u00fcnstlerische Leitung dieser Veranstaltung hatte Doroth\u00e9e Bretz, T\u00e4nzerin und Choreographin &hellip;<\/p>\n<\/div>","protected":false},"author":1,"featured_media":170039,"comment_status":"closed","ping_status":"closed","sticky":false,"template":"","format":"gallery","meta":{"footnotes":""},"categories":[1],"tags":[],"class_list":["post-170032","post","type-post","status-publish","format-gallery","has-post-thumbnail","hentry","category-startseite","post_format-post-format-gallery"],"_links":{"self":[{"href":"https:\/\/www.fuldaernachrichten.de\/index.php?rest_route=\/wp\/v2\/posts\/170032","targetHints":{"allow":["GET"]}}],"collection":[{"href":"https:\/\/www.fuldaernachrichten.de\/index.php?rest_route=\/wp\/v2\/posts"}],"about":[{"href":"https:\/\/www.fuldaernachrichten.de\/index.php?rest_route=\/wp\/v2\/types\/post"}],"author":[{"embeddable":true,"href":"https:\/\/www.fuldaernachrichten.de\/index.php?rest_route=\/wp\/v2\/users\/1"}],"replies":[{"embeddable":true,"href":"https:\/\/www.fuldaernachrichten.de\/index.php?rest_route=%2Fwp%2Fv2%2Fcomments&post=170032"}],"version-history":[{"count":1,"href":"https:\/\/www.fuldaernachrichten.de\/index.php?rest_route=\/wp\/v2\/posts\/170032\/revisions"}],"predecessor-version":[{"id":170047,"href":"https:\/\/www.fuldaernachrichten.de\/index.php?rest_route=\/wp\/v2\/posts\/170032\/revisions\/170047"}],"wp:featuredmedia":[{"embeddable":true,"href":"https:\/\/www.fuldaernachrichten.de\/index.php?rest_route=\/wp\/v2\/media\/170039"}],"wp:attachment":[{"href":"https:\/\/www.fuldaernachrichten.de\/index.php?rest_route=%2Fwp%2Fv2%2Fmedia&parent=170032"}],"wp:term":[{"taxonomy":"category","embeddable":true,"href":"https:\/\/www.fuldaernachrichten.de\/index.php?rest_route=%2Fwp%2Fv2%2Fcategories&post=170032"},{"taxonomy":"post_tag","embeddable":true,"href":"https:\/\/www.fuldaernachrichten.de\/index.php?rest_route=%2Fwp%2Fv2%2Ftags&post=170032"}],"curies":[{"name":"wp","href":"https:\/\/api.w.org\/{rel}","templated":true}]}}