{"id":170019,"date":"2017-12-07T10:52:29","date_gmt":"2017-12-07T09:52:29","guid":{"rendered":"http:\/\/www.fuldaer-nachrichten.de\/?p=170019"},"modified":"2017-12-07T10:52:29","modified_gmt":"2017-12-07T09:52:29","slug":"rasdorfer-adventsweg-eroeffnet","status":"publish","type":"post","link":"https:\/\/www.fuldaernachrichten.de\/?p=170019","title":{"rendered":"Rasdorfer Adventsweg er\u00f6ffnet"},"content":{"rendered":"<p>Die Er\u00f6ffnung des ersten Rasdorfer Adventsweges stie\u00df auf gro\u00dfe Resonanz. Sie \u00fcbertraf die Erwartung von Ideengeber Theo Lenz und der Pfarrgemeinderatsmitglieder. Schneefall und Frost taten bei einbrechender Dunkelheit das ihrige, um ein echtes adventliches Gef\u00fchl aufkommen zu lassen. \u201eHalt an! Wo l\u00e4ufst du hin! Auch du brauchst hin und wieder Zeit und Ruhe. Zeit f\u00fcr andere, aber auch f\u00fcr dich selber\u201c hei\u00dft es auf dem Eingangsschild. Vor gut 10 Monaten begann die Planung des Rasdorfer Adventsweges, nachdem der Pfarrgemeinderat zugestimmt hatte. Die Advents- und Weihnachtszeit sollte st\u00e4rker in das Bewusstsein der Bev\u00f6lkerung r\u00fccken. Das dieses wohl herausragend gelungen ist, ist die einhellige Meinung der befragten Besucher. Bei der Er\u00f6ffnung dankte Theo Lenz den vielen Aktiven, die das Holz f\u00fcr die Figuren zurechtgeschnitten, Kleider besorgt und gen\u00e4ht, lebensgro\u00dfe Schafe sowie Ochs und Esel zurechtgeschnitten, bemalt und mit echtem Fell beklebt hatten. Sein Dank galt auch den Handwerkern, die Stall und Krippe gezimmert, Weihnachtsb\u00e4ume besorgt und verankert sowie Lampen befestigt und Stromkabel verlegt hatten. F\u00fcr kalte und warme Getr\u00e4nke und die n\u00f6tige St\u00e4rkung h\u00e4tten die Bewohner rund um den Anger unaufgefordert gesorgt, denn beim Aufbau waren die ehrenamtlichen Helfer mehr als einmal durchn\u00e4sst. Auch die Gemeinde unterst\u00fctzte durch Mitarbeiter des Bauhofes. Die Segnung erfolgte durch Pfarrer Reiner Modenbach unter Mitwirkung des Kindersingkreises. Anschlie\u00dfend wurde das dritte Fenster des \u201eLebendigen Adventskalender\u201c auf dem Rasdorfer Adventsweg durch die Tanzgruppe \u201eWilde H\u00fchner\u201c ge\u00f6ffnet. Finanziert wird der Rasdorfer Adventsweg durch die katholische Kirchengemeinde und Spenden. Er ist selbsterkl\u00e4rend, bis zum 07. Januar t\u00e4glich ge\u00f6ffnet, beleuchtet und kostet keinen Eintritt. Gut finde Rita Wald, dass die Figuren lebensgro\u00df sind. Sie bewundere, was aus \u201edem Nichts\u201c entstanden ist. Wie der Vorsitzende der Gemeindevertretung Klaus Peter Sauerbier meinte auch Rainer Doll, dass der Adventsweg eine gelungene Sache sei, die man sich unbedingt anschauen m\u00fcsse. Auch Kinder spricht wohl der Rasdorfer Adventsweg an, wie man aus der Bemerkung von Charleen Herget (9 Jahre) h\u00f6rt. Die Figuren seien sch\u00f6n gro\u00df und der Text auf den neun Tafeln sei auch gut zu lesen. Ein Kind hatte im Stall sogar auf dem Scho\u00df von Maria Platz genommen, um das Jesuskind in der Krippe besser betrachten zu k\u00f6nnen.<\/p>\n<p>Bereits am fr\u00fchen Nachmittag gab es Leben auf dem Anger der Point \u2013 Alpha \u2013 Gemeinde Rasdorf. Zur \u201eEinstimmung auf Weihnachten\u201c hatte der M\u00e4nnergesangvereins \u201eC\u00e4cilia\u201c 1921 Rasdorf (MGV) auf den Parkplatz des Angers eingeladen. Die Weihnachtsmarktatmosph\u00e4re wurde durch musikalischen Beitr\u00e4gen des MGV (Dirigentin Anna Lena Klee), des Kirchenchor C\u00e4cilia Rasdorf (Dirigentin Gudrun Mende), des Projektchores (Dirigentin Karolina Seidel), des Kindersingkreises (Leitung Jacqueline G\u00fcnther, Stephanie Hardegen) sowie Johannes Balzer, Rasdorf und Philipp Fl\u00fcgel, Gotthards (beide Trompete) bereichert.<\/p>\n<p>Weitere Veranstaltungen am Rasdorfer Adventsweg sind am 06. Dezember wenn um 17 Uhr der Nikolaus als Bischof von Myra zum Adventsweg kommt. Dort wird auch das 6. Fenster des Lebendigen Adventskalenders vom Familiengottesdienstteam gestaltet. Am 09. Dezember ist nach der Vorabendmesse, die um 17.30 Uhr in der Stiftskirche gefeiert wird, eine kurze Statio auf dem Adventsweg. Im Rahmen des Lebendigen Adventskalenders wird das Friedenslicht am 17. Dezember um 17 Uhr zu Familie Schmitt, Am Anger gebracht und von dort in einer kurzen Prozession zum Adventsweg weitergegeben. Am Heiligen Abend ist um 15 Uhr die Krippenfeier in der Rasdorfer Stiftskirche.<\/p>\n","protected":false},"excerpt":{"rendered":"<div class=\"tmnf_excerpt\"><p>Die Er\u00f6ffnung des ersten Rasdorfer Adventsweges stie\u00df auf gro\u00dfe Resonanz. Sie \u00fcbertraf die Erwartung von Ideengeber Theo Lenz und der Pfarrgemeinderatsmitglieder. Schneefall und Frost taten bei einbrechender Dunkelheit das ihrige, um ein echtes adventliches Gef\u00fchl aufkommen zu lassen. \u201eHalt an! Wo l\u00e4ufst du hin! Auch du brauchst hin und wieder Zeit und Ruhe. Zeit f\u00fcr &hellip;<\/p>\n<\/div>","protected":false},"author":1,"featured_media":170023,"comment_status":"closed","ping_status":"closed","sticky":false,"template":"","format":"gallery","meta":{"footnotes":""},"categories":[1],"tags":[],"class_list":["post-170019","post","type-post","status-publish","format-gallery","has-post-thumbnail","hentry","category-startseite","post_format-post-format-gallery"],"_links":{"self":[{"href":"https:\/\/www.fuldaernachrichten.de\/index.php?rest_route=\/wp\/v2\/posts\/170019","targetHints":{"allow":["GET"]}}],"collection":[{"href":"https:\/\/www.fuldaernachrichten.de\/index.php?rest_route=\/wp\/v2\/posts"}],"about":[{"href":"https:\/\/www.fuldaernachrichten.de\/index.php?rest_route=\/wp\/v2\/types\/post"}],"author":[{"embeddable":true,"href":"https:\/\/www.fuldaernachrichten.de\/index.php?rest_route=\/wp\/v2\/users\/1"}],"replies":[{"embeddable":true,"href":"https:\/\/www.fuldaernachrichten.de\/index.php?rest_route=%2Fwp%2Fv2%2Fcomments&post=170019"}],"version-history":[{"count":1,"href":"https:\/\/www.fuldaernachrichten.de\/index.php?rest_route=\/wp\/v2\/posts\/170019\/revisions"}],"predecessor-version":[{"id":170026,"href":"https:\/\/www.fuldaernachrichten.de\/index.php?rest_route=\/wp\/v2\/posts\/170019\/revisions\/170026"}],"wp:featuredmedia":[{"embeddable":true,"href":"https:\/\/www.fuldaernachrichten.de\/index.php?rest_route=\/wp\/v2\/media\/170023"}],"wp:attachment":[{"href":"https:\/\/www.fuldaernachrichten.de\/index.php?rest_route=%2Fwp%2Fv2%2Fmedia&parent=170019"}],"wp:term":[{"taxonomy":"category","embeddable":true,"href":"https:\/\/www.fuldaernachrichten.de\/index.php?rest_route=%2Fwp%2Fv2%2Fcategories&post=170019"},{"taxonomy":"post_tag","embeddable":true,"href":"https:\/\/www.fuldaernachrichten.de\/index.php?rest_route=%2Fwp%2Fv2%2Ftags&post=170019"}],"curies":[{"name":"wp","href":"https:\/\/api.w.org\/{rel}","templated":true}]}}