{"id":170008,"date":"2017-12-07T10:50:21","date_gmt":"2017-12-07T09:50:21","guid":{"rendered":"http:\/\/www.fuldaer-nachrichten.de\/?p=170008"},"modified":"2017-12-07T10:50:21","modified_gmt":"2017-12-07T09:50:21","slug":"patientenakademie%e2%80%a8am-klinikum-fulda-darmkrebs-vorsorge-und-therapie","status":"publish","type":"post","link":"https:\/\/www.fuldaernachrichten.de\/?p=170008","title":{"rendered":"Patientenakademie\u00e2\u20ac\u00a8am Klinikum Fulda  Darmkrebs: Vorsorge und Therapie"},"content":{"rendered":"<p><a href=\"http:\/\/www.fuldaer-nachrichten.de\/wp-content\/uploads\/2017\/12\/PD-Schmidt-03.jpg\"><img decoding=\"async\" src=\"http:\/\/www.fuldaer-nachrichten.de\/wp-content\/uploads\/2017\/12\/PD-Schmidt-03-265x176.jpg\" alt=\"\" width=\"265\" height=\"176\" class=\"alignleft size-thumbnail wp-image-170015\" srcset=\"https:\/\/www.fuldaernachrichten.de\/wp-content\/uploads\/2017\/12\/PD-Schmidt-03-265x176.jpg 265w, https:\/\/www.fuldaernachrichten.de\/wp-content\/uploads\/2017\/12\/PD-Schmidt-03-768x511.jpg 768w, https:\/\/www.fuldaernachrichten.de\/wp-content\/uploads\/2017\/12\/PD-Schmidt-03-600x399.jpg 600w, https:\/\/www.fuldaernachrichten.de\/wp-content\/uploads\/2017\/12\/PD-Schmidt-03.jpg 900w\" sizes=\"(max-width: 265px) 100vw, 265px\" \/><\/a>Das zertifizierte Darmzentrum am Klinikum Fulda veranstaltet am 07.12.2017, von 17.00 bis 19.00 Uhr ein Gesundheitsforum f\u00fcr Patienten, Besucher und Angeh\u00f6rige zu dem Thema \u201eDarmkrebs: Vorsorge und Therapie\u201c.<\/p>\n<p>Darmkrebs z\u00e4hlt zu den h\u00e4ufigsten b\u00f6sartigen Erkrankungen. Dabei sind die Heilungschancen bei rechtzeitiger Erkennung und richtiger Behandlung extrem hoch. Im Rahmen der Informationsveranstaltung gehen die Experten des von der Deutschen Krebsgesellschaft zertifizierten Darmzentrums auf folgende Themen ein: Priv.-Doz. Dr. Carsten Schmidt (Direktor der Medizinischen Klinik II,  Gastroenterologie) vermittelt Einblicke in aktuelle Diagnostik- und endoskopische Therapieverfahren von Krebsvorstufen im Darm. Anschlie\u00dfend wird  Priv.-Doz. Dr. Achim Hellinger (Direktor der Klinik f\u00fcr Allgemein-, Viszeral-, Endokrine und Onkologische Chirurgie)  Einblicke in die operative Therapie von Dick-\/Enddarmkreb geben. Im Anschluss an die Vortr\u00e4ge besteht gen\u00fcgend Zeit, um individuelle Fragen an die Experten zu stellen.  Die Veranstaltung erfolgt im Rahmen des Onkologischen Zentrums am Klinikum Fulda und des Onkologischen Zentrums Osthessen. Alle Interessierten sind herzlich eingeladen. <\/p>\n","protected":false},"excerpt":{"rendered":"<div class=\"tmnf_excerpt\"><p>Das zertifizierte Darmzentrum am Klinikum Fulda veranstaltet am 07.12.2017, von 17.00 bis 19.00 Uhr ein Gesundheitsforum f\u00fcr Patienten, Besucher und Angeh\u00f6rige zu dem Thema \u201eDarmkrebs: Vorsorge und Therapie\u201c. Darmkrebs z\u00e4hlt zu den h\u00e4ufigsten b\u00f6sartigen Erkrankungen. Dabei sind die Heilungschancen bei rechtzeitiger Erkennung und richtiger Behandlung extrem hoch. Im Rahmen der Informationsveranstaltung gehen die Experten des &hellip;<\/p>\n<\/div>","protected":false},"author":1,"featured_media":170014,"comment_status":"closed","ping_status":"closed","sticky":false,"template":"","format":"standard","meta":{"footnotes":""},"categories":[1],"tags":[],"class_list":["post-170008","post","type-post","status-publish","format-standard","has-post-thumbnail","hentry","category-startseite"],"_links":{"self":[{"href":"https:\/\/www.fuldaernachrichten.de\/index.php?rest_route=\/wp\/v2\/posts\/170008","targetHints":{"allow":["GET"]}}],"collection":[{"href":"https:\/\/www.fuldaernachrichten.de\/index.php?rest_route=\/wp\/v2\/posts"}],"about":[{"href":"https:\/\/www.fuldaernachrichten.de\/index.php?rest_route=\/wp\/v2\/types\/post"}],"author":[{"embeddable":true,"href":"https:\/\/www.fuldaernachrichten.de\/index.php?rest_route=\/wp\/v2\/users\/1"}],"replies":[{"embeddable":true,"href":"https:\/\/www.fuldaernachrichten.de\/index.php?rest_route=%2Fwp%2Fv2%2Fcomments&post=170008"}],"version-history":[{"count":1,"href":"https:\/\/www.fuldaernachrichten.de\/index.php?rest_route=\/wp\/v2\/posts\/170008\/revisions"}],"predecessor-version":[{"id":170016,"href":"https:\/\/www.fuldaernachrichten.de\/index.php?rest_route=\/wp\/v2\/posts\/170008\/revisions\/170016"}],"wp:featuredmedia":[{"embeddable":true,"href":"https:\/\/www.fuldaernachrichten.de\/index.php?rest_route=\/wp\/v2\/media\/170014"}],"wp:attachment":[{"href":"https:\/\/www.fuldaernachrichten.de\/index.php?rest_route=%2Fwp%2Fv2%2Fmedia&parent=170008"}],"wp:term":[{"taxonomy":"category","embeddable":true,"href":"https:\/\/www.fuldaernachrichten.de\/index.php?rest_route=%2Fwp%2Fv2%2Fcategories&post=170008"},{"taxonomy":"post_tag","embeddable":true,"href":"https:\/\/www.fuldaernachrichten.de\/index.php?rest_route=%2Fwp%2Fv2%2Ftags&post=170008"}],"curies":[{"name":"wp","href":"https:\/\/api.w.org\/{rel}","templated":true}]}}