{"id":170006,"date":"2017-12-07T10:47:32","date_gmt":"2017-12-07T09:47:32","guid":{"rendered":"http:\/\/www.fuldaer-nachrichten.de\/?p=170006"},"modified":"2017-12-07T10:47:32","modified_gmt":"2017-12-07T09:47:32","slug":"45-thanksgiving-dinner-des-dafks-mit-jahresrueckblick","status":"publish","type":"post","link":"https:\/\/www.fuldaernachrichten.de\/?p=170006","title":{"rendered":"45. Thanksgiving-Dinner des DAFKS mit Jahresr\u00fcckblick"},"content":{"rendered":"<p>Zu seinem 45.Thanksgiving-Dinner hatte der DAFKS eingeladen. Im mit 60 Teilnehmern voll besetzten Vereinshaus ging Pr\u00e4sident Winfried J\u00e4ger auf die Bedeutung des Festes ein. \u201e\u00e2\u20ac\u00a6Thanksgiving ist f\u00fcr viele Amerikaner wichtiger als Weihnachten: Das Fest der Familie und Freunde, dass alle an einem Tisch versammelt, um einander Danke zu sagen. Es geht auf die fr\u00fchen  Einwanderer zur\u00fcck, die der \u00dcberlieferung nach mit den Wampanoag-Indianern ihr Festmahl teilten.<\/p>\n<p>\u00e2\u20ac\u00a6\u201czum Thanksgiving-Dinner geh\u00f6rt es, das wir das aktuelle Jahr kurz betrachten, was haben wir erreicht und wie sind wir unserem Slogan \u00e2\u20ac\u00a6wir bewegen was gerecht geworden\u201c, so J\u00e4ger. Der DAFKS ist in vielen in vielen unterschiedlichen Sportarten aktiv und im Ligabetrieb. Berichtet wurde auch \u00fcber die neustes Sportabteilung  Cricket. Die Teilnehmer  \u2013 DAFKS Fulda Knightriders \u2013kommen gr\u00f6\u00dftenteils aus Afghanistan und Pakistan, trainiert wird regelm\u00e4\u00dfig Freitags von 17: &#8211; 19:00 Uhr \u2013 im kommenden Jahr wird der Fuldaer Verein in der Regionalliga Hessen spielen<\/p>\n<p>In der deutsch-amerikanischen Freundschaft konnte der DAFKS auch in diesem Jahr viel bewegen. Gerade in den letzten Tagen kamen viele Emails von ehemals in Fulda stationierten Amerikanern. Die Kooperation mit der Association des 14th Cavalry Regiments wurde bereits mit Fr\u00fcchten belohnt und so konnte mit Hilfe der Amerikaner ein neuer Ausstellungsraum im Blackhorse Museum Fulda eingerichtet werden. Momentan arbeitet der Verein an einem weiteren Ausstellungspunkt und so soll k\u00fcnftig auch die Stationierung der Amerikaner auf der Wasserkuppe mit ins Boot genommen werden. Entsprechende Vorgespr\u00e4che wurden bereits mit Jim Harkins gef\u00fchrt und die ersten Exponate wurden bereits \u00fcbergeben.<\/p>\n<p>J\u00e4ger betonte \u201e\u00e2\u20ac\u00a6mit unserem Museum haben wir als erstes die Geschichte \u00fcber das Leben und die Freundschaft der in der Region Fulda stationierten Amerikaner erhalten und dargestellt \u2013 mit dem nun aufgegriffenen Bereich Wasserkuppe schlie\u00dfen wir den Kreis\u201c.<\/p>\n<p>Auch die Car-Adventuredays Fulda und das Deutsch-Amerikanische Country- &#038; Truckerfestival waren wieder ein Highlight im zur\u00fcckliegenden Jahr \u201e\u00e2\u20ac\u00a6wir haben damit nicht nur unseren Verein sondern auch die Stadt Fulda weiter positiv in Hessen, Deutschland und Europa bekannt gemacht\u201c. so J\u00e4ger und er dankte gleichzeitig  Peter und Benjamin Jakob, die federf\u00fchrend der Organisation des Events auch in diesem Jahr t\u00e4tig waren.<\/p>\n<p>Begr\u00fc\u00dft wurden auch G\u00fcnter Wolf den Pr\u00e4sidenten der Internationalen Offiziers- und Soldatengesellschaft, J\u00fcrgen Storch den Vorsitzenden der Soldatenkameradschaft 1888, Max Ostrowski von SMOG (Schule machen ohne Gewalt) und der Pr\u00e4sident des Bundesverbandes der Deutsch-Amerikanischen  Freundschaft.<\/p>\n<p>In seiner anschlie\u00dfenden Rede stellt Stadtrat Stefan Grauel, als Vertreter der Stadt Fulda fest, wie wichtig der DAFKS mit seinen \u00fcber 400 Mitgliedern mittlerweile in vielen unterschiedlichen Bereichen in der Stadt Fulda sei \u2013 ob deutsch-amerikanische Freundschaft, Sport oder Integration, um nur einiges aus der breiten Angebotspalette zu nennen.<\/p>\n<p>Max Ostrowski von SMOG (Schule machen ohne Gewalt) freute sich auf das gemeinsame Wohlt\u00e4tigkeitskonzert mit dem Musikkorps der Bundeswehr, das am 11.September 2018 im Fuldaer Stadtsaal durchgef\u00fchrt wird. Diese Formation wird erstmals in Fulda gastieren \u2013 die Leitung \u00fcber die rund 60 Musiker hat Oberstleutnant Christoph Scheibling. Die Schirmherrschaft hat der Oberb\u00fcrgermeister der Stadt Fulda Dr. Heiko Wingenfeld \u00fcbernommen.<\/p>\n<p>Dankesworte gingen an das Team des DAFKS, das auch in diesem Jahr mit viel Arbeit das Thanksgiving-Dinner vorbereitet und organisiert hatten. Eine tolle Tombola mit vielen Preisen rundete die Veranstaltung ab.<\/p>\n","protected":false},"excerpt":{"rendered":"<div class=\"tmnf_excerpt\"><p>Zu seinem 45.Thanksgiving-Dinner hatte der DAFKS eingeladen. Im mit 60 Teilnehmern voll besetzten Vereinshaus ging Pr\u00e4sident Winfried J\u00e4ger auf die Bedeutung des Festes ein. \u201e\u00e2\u20ac\u00a6Thanksgiving ist f\u00fcr viele Amerikaner wichtiger als Weihnachten: Das Fest der Familie und Freunde, dass alle an einem Tisch versammelt, um einander Danke zu sagen. Es geht auf die fr\u00fchen Einwanderer &hellip;<\/p>\n<\/div>","protected":false},"author":1,"featured_media":0,"comment_status":"closed","ping_status":"closed","sticky":false,"template":"","format":"standard","meta":{"footnotes":""},"categories":[1],"tags":[],"class_list":["post-170006","post","type-post","status-publish","format-standard","hentry","category-startseite"],"_links":{"self":[{"href":"https:\/\/www.fuldaernachrichten.de\/index.php?rest_route=\/wp\/v2\/posts\/170006","targetHints":{"allow":["GET"]}}],"collection":[{"href":"https:\/\/www.fuldaernachrichten.de\/index.php?rest_route=\/wp\/v2\/posts"}],"about":[{"href":"https:\/\/www.fuldaernachrichten.de\/index.php?rest_route=\/wp\/v2\/types\/post"}],"author":[{"embeddable":true,"href":"https:\/\/www.fuldaernachrichten.de\/index.php?rest_route=\/wp\/v2\/users\/1"}],"replies":[{"embeddable":true,"href":"https:\/\/www.fuldaernachrichten.de\/index.php?rest_route=%2Fwp%2Fv2%2Fcomments&post=170006"}],"version-history":[{"count":1,"href":"https:\/\/www.fuldaernachrichten.de\/index.php?rest_route=\/wp\/v2\/posts\/170006\/revisions"}],"predecessor-version":[{"id":170009,"href":"https:\/\/www.fuldaernachrichten.de\/index.php?rest_route=\/wp\/v2\/posts\/170006\/revisions\/170009"}],"wp:attachment":[{"href":"https:\/\/www.fuldaernachrichten.de\/index.php?rest_route=%2Fwp%2Fv2%2Fmedia&parent=170006"}],"wp:term":[{"taxonomy":"category","embeddable":true,"href":"https:\/\/www.fuldaernachrichten.de\/index.php?rest_route=%2Fwp%2Fv2%2Fcategories&post=170006"},{"taxonomy":"post_tag","embeddable":true,"href":"https:\/\/www.fuldaernachrichten.de\/index.php?rest_route=%2Fwp%2Fv2%2Ftags&post=170006"}],"curies":[{"name":"wp","href":"https:\/\/api.w.org\/{rel}","templated":true}]}}