{"id":169992,"date":"2017-12-07T10:46:52","date_gmt":"2017-12-07T09:46:52","guid":{"rendered":"http:\/\/www.fuldaer-nachrichten.de\/?p=169992"},"modified":"2017-12-07T10:46:52","modified_gmt":"2017-12-07T09:46:52","slug":"caritas-vertreterversammlung-gut-aufgestellter-verband-mit-solider-bilanz-und-innovativen-projekten","status":"publish","type":"post","link":"https:\/\/www.fuldaernachrichten.de\/?p=169992","title":{"rendered":"Caritas-Vertreterversammlung: Gut aufgestellter Verband mit solider Bilanz und innovativen Projekten"},"content":{"rendered":"<p><a href=\"http:\/\/www.fuldaer-nachrichten.de\/wp-content\/uploads\/2017\/12\/zu-103-cs_Vertreteversammlung_Crome_Juch_Erb_Gurk_IMG_6137.jpg\"><img decoding=\"async\" src=\"http:\/\/www.fuldaer-nachrichten.de\/wp-content\/uploads\/2017\/12\/zu-103-cs_Vertreteversammlung_Crome_Juch_Erb_Gurk_IMG_6137-265x182.jpg\" alt=\"\" width=\"265\" height=\"182\" class=\"alignleft size-thumbnail wp-image-170004\" srcset=\"https:\/\/www.fuldaernachrichten.de\/wp-content\/uploads\/2017\/12\/zu-103-cs_Vertreteversammlung_Crome_Juch_Erb_Gurk_IMG_6137-265x182.jpg 265w, https:\/\/www.fuldaernachrichten.de\/wp-content\/uploads\/2017\/12\/zu-103-cs_Vertreteversammlung_Crome_Juch_Erb_Gurk_IMG_6137-768x527.jpg 768w, https:\/\/www.fuldaernachrichten.de\/wp-content\/uploads\/2017\/12\/zu-103-cs_Vertreteversammlung_Crome_Juch_Erb_Gurk_IMG_6137-600x412.jpg 600w, https:\/\/www.fuldaernachrichten.de\/wp-content\/uploads\/2017\/12\/zu-103-cs_Vertreteversammlung_Crome_Juch_Erb_Gurk_IMG_6137.jpg 900w\" sizes=\"(max-width: 265px) 100vw, 265px\" \/><\/a>Satzungsgem\u00e4\u00df erfolgte k\u00fcrzlich auf Einladung des Caritasverbandes f\u00fcr die Di\u00f6zese Fulda die diesj\u00e4hrige Vertreterversammlung: Jeder Verband, jedes korporative Mitglied entsendet in dieses j\u00e4hrlich tagende Gremium einen stimmberechtigten Vertreter, um die Rechenschaftsberichte vom Vorstand und vom Aufsichtsrat entgegenzunehmen. Au\u00dferdem wird die Zusammenkunft genutzt, um aktuell wichtige Themen der Caritas vorzustellen. <\/p>\n<p>Diesmal tagte die Versammlung im Caritas-Haus St. Elisabeth in der Ratgarstra\u00dfe. Nach der Begr\u00fc\u00dfung durch Msgr. Elmar Gurk, dem Caritas-Aufsichtsratsvoritzenden, nahm dieser zun\u00e4chst mit Di\u00f6zesan-Caritasdirektor Dr. Markus Juch gemeinsam die Ehrung des Vorstandsmitglieds Ansgar Erb f\u00fcr dessen zwanzigj\u00e4hriges Jubil\u00e4um im Dienste der Caritas und zum Wohle der hilfebed\u00fcrftigen Menschen vor: Der Jubilar erhielt unter Applaus der gesamten Versammlung Urkunde und Ehrennadel in Silber. <\/p>\n<p>Anschlie\u00dfend erfolgten die T\u00e4tigkeitsberichte des Vorstandes, um die Entwicklung des Verbandes im vergangenen Gesch\u00e4ftsjahr und im laufenden Jubil\u00e4umsjahr seines 100. Bestehens zu skizzieren und mit Zahlen zu untermauern. Caritasdirektor Juch verwies in seinem Bericht auch auf die aktuellen Publikationen der Caritas: Es l\u00e4ge eine aktuelle Imagebrosch\u00fcre vor, au\u00dferdem gebe es f\u00fcr das Jahr 2016 einen umfangreichen Jahresbericht und einen Qualit\u00e4tsmanagementbericht, die f\u00fcr alle Interessierten abrufbar seien. F\u00fcr das Fr\u00fchjahr 2018 sei zudem die Herausgabe einer Fl\u00fcchtlingshilfe-Brosch\u00fcre geplant. Die Ver\u00f6ffentlichungen dienten laut Juch einer weitestgehenden Transparenz \u2013 man wolle der \u00d6ffentlichkeit umfassend die Arbeitsweise  und die Arbeitsschwerpunkte der Caritas nachvollziehbar offenlegen. Als Erfolg der sozialpolitischen Arbeit und des Lobbyings der Caritas auf Hessen-Ebene im Berichtsjahr wies Juch auf die beschlossene Erh\u00f6hung des Sozialbudgets durch die schwarz-gr\u00fcne Landesregierung jetzt im Herbst 2017 hin \u2013 Geld das in die Arbeitsfelder der Caritas fl\u00f6sse und den bed\u00fcrftigen Menschen in Hessen unmittelbar zugutekomme. <\/p>\n<p>Vorstandmitglied Malte Crome berichtete \u00fcber die Mitarbeiterentwicklung im Verband, und von Ansgar Eerb gab es einen Bericht \u00fcber aktuelle Bauprojekte der Caritas \u2013 etwa in H\u00fcnfeld und Bad Orb. Au\u00dferdem pr\u00e4sentierte er die Finanzbilanz des Di\u00f6zesan-Caritasverbandes. Aufsichtsratsvorsitzender Gurk dankte dem Vorstand f\u00fcr die Berichte und die Arbeit im zur\u00fcckliegenden Jahr. Er betonte die stets vertrauensvolle Zusammenarbeit der Gesch\u00e4ftsf\u00fchrer mit dem Aufsichtsgremium und ersuchte die Vertreterversammlung f\u00fcr die Gremien um Entlastung, die anschlie\u00dfend per Handzeichen ohne Gegenstimme f\u00fcr Vorstand und Aufsichtsrat gleicherma\u00dfen erfolgte. <\/p>\n<p>Zum Abschluss der Versammlung berichtete der Caritas-Ressortleiter Soziale Dienste, Franz Meyer, zugleich der Fl\u00fcchtlingsbeauftragte f\u00fcr das Bistum Fulda, \u00fcber den Stand der Fl\u00fcchtlingshilfe, nachdem derzeit rund 4.000 Menschen mit Fluchtgeschichte in Betreuung der Caritas im  Bistum Fulda seien. Einen weiteren Bericht widmete Meyer dem Thema \u201eBistumsprozess 2030\u201c: Im Rahmen einer strategischen Neuausrichtung des Bistums in den kommenden Jahren wird die Caritas ihre Einrichtungen verst\u00e4rkt auch als pastorale Orte gestalten.<\/p>\n","protected":false},"excerpt":{"rendered":"<div class=\"tmnf_excerpt\"><p>Satzungsgem\u00e4\u00df erfolgte k\u00fcrzlich auf Einladung des Caritasverbandes f\u00fcr die Di\u00f6zese Fulda die diesj\u00e4hrige Vertreterversammlung: Jeder Verband, jedes korporative Mitglied entsendet in dieses j\u00e4hrlich tagende Gremium einen stimmberechtigten Vertreter, um die Rechenschaftsberichte vom Vorstand und vom Aufsichtsrat entgegenzunehmen. Au\u00dferdem wird die Zusammenkunft genutzt, um aktuell wichtige Themen der Caritas vorzustellen. Diesmal tagte die Versammlung im Caritas-Haus &hellip;<\/p>\n<\/div>","protected":false},"author":1,"featured_media":170003,"comment_status":"closed","ping_status":"closed","sticky":false,"template":"","format":"standard","meta":{"footnotes":""},"categories":[1],"tags":[],"class_list":["post-169992","post","type-post","status-publish","format-standard","has-post-thumbnail","hentry","category-startseite"],"_links":{"self":[{"href":"https:\/\/www.fuldaernachrichten.de\/index.php?rest_route=\/wp\/v2\/posts\/169992","targetHints":{"allow":["GET"]}}],"collection":[{"href":"https:\/\/www.fuldaernachrichten.de\/index.php?rest_route=\/wp\/v2\/posts"}],"about":[{"href":"https:\/\/www.fuldaernachrichten.de\/index.php?rest_route=\/wp\/v2\/types\/post"}],"author":[{"embeddable":true,"href":"https:\/\/www.fuldaernachrichten.de\/index.php?rest_route=\/wp\/v2\/users\/1"}],"replies":[{"embeddable":true,"href":"https:\/\/www.fuldaernachrichten.de\/index.php?rest_route=%2Fwp%2Fv2%2Fcomments&post=169992"}],"version-history":[{"count":1,"href":"https:\/\/www.fuldaernachrichten.de\/index.php?rest_route=\/wp\/v2\/posts\/169992\/revisions"}],"predecessor-version":[{"id":170005,"href":"https:\/\/www.fuldaernachrichten.de\/index.php?rest_route=\/wp\/v2\/posts\/169992\/revisions\/170005"}],"wp:featuredmedia":[{"embeddable":true,"href":"https:\/\/www.fuldaernachrichten.de\/index.php?rest_route=\/wp\/v2\/media\/170003"}],"wp:attachment":[{"href":"https:\/\/www.fuldaernachrichten.de\/index.php?rest_route=%2Fwp%2Fv2%2Fmedia&parent=169992"}],"wp:term":[{"taxonomy":"category","embeddable":true,"href":"https:\/\/www.fuldaernachrichten.de\/index.php?rest_route=%2Fwp%2Fv2%2Fcategories&post=169992"},{"taxonomy":"post_tag","embeddable":true,"href":"https:\/\/www.fuldaernachrichten.de\/index.php?rest_route=%2Fwp%2Fv2%2Ftags&post=169992"}],"curies":[{"name":"wp","href":"https:\/\/api.w.org\/{rel}","templated":true}]}}