{"id":169975,"date":"2017-12-04T08:05:02","date_gmt":"2017-12-04T07:05:02","guid":{"rendered":"http:\/\/www.fuldaer-nachrichten.de\/?p=169975"},"modified":"2017-12-04T08:05:02","modified_gmt":"2017-12-04T07:05:02","slug":"aktion-saubere-haende-im-klinikum-fulda-haendedesinfektion-und-patientensicherheit-im-fokus","status":"publish","type":"post","link":"https:\/\/www.fuldaernachrichten.de\/?p=169975","title":{"rendered":"\u201eAktion Saubere H\u00e4nde\u201c im Klinikum Fulda  H\u00e4ndedesinfektion und Patientensicherheit im Fokus"},"content":{"rendered":"<p>Die H\u00e4ndedesinfektion rettet Leben. Darauf will der \u201eAktionstag saubere H\u00e4nde\u201c hinweisen, an dem sich das Klinikum Fulda auch in diesem Jahr wieder beteiligt hat. <\/p>\n<p>Am Dienstag, 21. November 2017, besuchte das Team der Krankenhaushygiene unter der Leitung von Frau Dr. Dr. Ines Otto-Karg die Stationen des Klinikums und bot Mitarbeiterinnen und Mitarbeitern die Gelegenheit, sich zu informieren und unter fachlicher Anleitung die hygienische H\u00e4ndedesinfektion praktisch umzusetzen. <\/p>\n<p>Eine ausreichende Portion Desinfektionsmittel in die Hand geben, 30 Sekunden lang sorgf\u00e4ltig auch zwischen den Fingern \u00fcber die Fingern\u00e4gel und den Handr\u00fccken bis hin \u00fcber das Handgelenk verteilen \u2013 fertig: \u201eDas richtige Vorgehen zur hygienischen H\u00e4ndedesinfektion ist simpel, aber effektiv\u201c, erkl\u00e4rt Frau Dr. Dr. Otto-Karg, Leiterin des Krankenhaushygiene-Teams im Klinikum Fulda. \u201eMit dem Aktionstag zur H\u00e4ndehygiene und dem Besuch auf den einzelnen Stationen wollen wir allen Kolleginnen und Kollegen die M\u00f6glichkeit geben, ihr Wissen um die hygienische H\u00e4ndedesinfektion aufzufrischen und zu zeigen, wo ggf. noch Optimierungsbedarf besteht.\u201c<\/p>\n<p>Dazu hielt das Team neben Informationen zum Thema auch UV-Lampen bereit, deren Licht offenbart, welche Stellen der H\u00e4nde ggf.  trotz sorgf\u00e4ltigem Gebrauch des Desinfektionsmittels nicht erreicht wurden. Unterst\u00fctzt wurden sie dabei auch in diesem Jahr von der Fa. Sch\u00fclke. Eine Fortbildungsveranstaltung zum Thema \u201eH\u00e4ndehygiene und Basishygienema\u00dfnahmen\u201c von 14:15 Uhr bis 15:45 Uhr erg\u00e4nzte das praxisorientierte Angebot.  <\/p>\n<p>Auch Patienten und Besucher k\u00f6nnen mit der richtigen H\u00e4ndedesinfektion helfen, die \u00dcbertragung von Krankheitskeimen zu verhindern: Auf jeder Station und im Eingangsbereich stehen Spender mit Desinfektionsmitteln bereit. So kann jeder seinen Beitrag leisten. <\/p>\n<p>Bildnachweis: Denise Gundlach\/ Klinikum Fulda<\/p>\n","protected":false},"excerpt":{"rendered":"<div class=\"tmnf_excerpt\"><p>Die H\u00e4ndedesinfektion rettet Leben. Darauf will der \u201eAktionstag saubere H\u00e4nde\u201c hinweisen, an dem sich das Klinikum Fulda auch in diesem Jahr wieder beteiligt hat. Am Dienstag, 21. November 2017, besuchte das Team der Krankenhaushygiene unter der Leitung von Frau Dr. Dr. Ines Otto-Karg die Stationen des Klinikums und bot Mitarbeiterinnen und Mitarbeitern die Gelegenheit, sich &hellip;<\/p>\n<\/div>","protected":false},"author":1,"featured_media":169978,"comment_status":"closed","ping_status":"closed","sticky":false,"template":"","format":"standard","meta":{"footnotes":""},"categories":[1],"tags":[],"class_list":["post-169975","post","type-post","status-publish","format-standard","has-post-thumbnail","hentry","category-startseite"],"_links":{"self":[{"href":"https:\/\/www.fuldaernachrichten.de\/index.php?rest_route=\/wp\/v2\/posts\/169975","targetHints":{"allow":["GET"]}}],"collection":[{"href":"https:\/\/www.fuldaernachrichten.de\/index.php?rest_route=\/wp\/v2\/posts"}],"about":[{"href":"https:\/\/www.fuldaernachrichten.de\/index.php?rest_route=\/wp\/v2\/types\/post"}],"author":[{"embeddable":true,"href":"https:\/\/www.fuldaernachrichten.de\/index.php?rest_route=\/wp\/v2\/users\/1"}],"replies":[{"embeddable":true,"href":"https:\/\/www.fuldaernachrichten.de\/index.php?rest_route=%2Fwp%2Fv2%2Fcomments&post=169975"}],"version-history":[{"count":1,"href":"https:\/\/www.fuldaernachrichten.de\/index.php?rest_route=\/wp\/v2\/posts\/169975\/revisions"}],"predecessor-version":[{"id":169979,"href":"https:\/\/www.fuldaernachrichten.de\/index.php?rest_route=\/wp\/v2\/posts\/169975\/revisions\/169979"}],"wp:featuredmedia":[{"embeddable":true,"href":"https:\/\/www.fuldaernachrichten.de\/index.php?rest_route=\/wp\/v2\/media\/169978"}],"wp:attachment":[{"href":"https:\/\/www.fuldaernachrichten.de\/index.php?rest_route=%2Fwp%2Fv2%2Fmedia&parent=169975"}],"wp:term":[{"taxonomy":"category","embeddable":true,"href":"https:\/\/www.fuldaernachrichten.de\/index.php?rest_route=%2Fwp%2Fv2%2Fcategories&post=169975"},{"taxonomy":"post_tag","embeddable":true,"href":"https:\/\/www.fuldaernachrichten.de\/index.php?rest_route=%2Fwp%2Fv2%2Ftags&post=169975"}],"curies":[{"name":"wp","href":"https:\/\/api.w.org\/{rel}","templated":true}]}}