{"id":169967,"date":"2017-12-04T08:04:05","date_gmt":"2017-12-04T07:04:05","guid":{"rendered":"http:\/\/www.fuldaer-nachrichten.de\/?p=169967"},"modified":"2017-12-04T08:04:05","modified_gmt":"2017-12-04T07:04:05","slug":"absolventenfeier-der-ihk-fulda-feierliche-zeugnisuebergabe-fuer-aufstiegsfortbildungen-2","status":"publish","type":"post","link":"https:\/\/www.fuldaernachrichten.de\/?p=169967","title":{"rendered":"Absolventenfeier der IHK Fulda &#8211; Feierliche Zeugnis\u00fcbergabe f\u00fcr Aufstiegsfortbildungen"},"content":{"rendered":"<p>75 Absolventinnen und Absolventen haben erfolgreich an einer IHK-Weiterbildungspr\u00fcfung teilgenommen und damit einen weiteren wichtigen Schritt f\u00fcr ihre berufliche Zukunft getan. F\u00fcnf von ihnen haben in diesem Jahr in Hessen die beste Pr\u00fcfung abgelegt und den Landessieg errungen. <\/p>\n<p>\u201eSie k\u00f6nnen stolz sein!\u201c, gratulierte IHK-Vizepr\u00e4sidentin Monika Hau\u00df-Schmid. Am 30. November wurden im Parkhotel Kolpinghaus in Fulda im feierlichen Rahmen die Zeugnisse f\u00fcr elf Aufstiegsfortbildungen \u00fcberreicht: vom Bilanzbuchhalter \u00fcber den Industriemeister bis hin zum Betriebswirt beziehungsweise Technischen Betriebswirt. \u201eHeute erhalten Sie den verdienten Lohn und feiern den Erfolg, der Sie sicherlich sehr viel M\u00fchsal und Entbehrungen gekostet hat\u201c, betonte Monika Hau\u00df-Schmid.  <\/p>\n<p>Die IHK-Vizepr\u00e4sidentin prognostizierte den Absolventinnen und Absolventen beste Chancen f\u00fcr ihre Zukunft: \u201eSie sind nicht nur hervorragend ausgebildete Fachleute, sondern vor allem gereifte Pers\u00f6nlichkeiten, die wissen, worauf es im Leben und in unserer Gesellschaft ankommt. Das sei gerade im Hinblick auf die enormen Herausforderungen wichtig, vor denen unsere Gesellschaft stehe. \u201eDie demografische Entwicklung, der steigende Bedarf an Fachkr\u00e4ften, der Strukturwandel hin zur Wissensgesellschaft und das Zusammenleben und Zusammenarbeiten von Menschen aus unterschiedlichen Kulturen und Religionen sind nur einige davon\u201c, so Hau\u00df-Schmid. <\/p>\n<p>Nicht zuletzt dankte die IHK-Vizepr\u00e4sidentin den Absolventinnen und Absolventen f\u00fcr das positive Beispiel, in der Freizeit die \u201eSchulbank\u201c zu dr\u00fccken. \u201eZwar haben Sie die Weiterbildung in allererster Linie f\u00fcr sich selber absolviert, um sich neue berufliche Perspektiven zu er\u00f6ffnen. Gleichzeitig aber haben Sie f\u00fcr all diejenigen ein Zeichen gesetzt, die \u00fcberlegen, ob sich der Dienstagabend oder der Samstagmorgen nicht doch viel eher f\u00fcr diverse Freizeitaktivit\u00e4ten oder den Biergarten eignet.\u201c <\/p>\n<p>Ein ausdr\u00fcckliches Dankesch\u00f6n ging zudem an die Pr\u00fcferinnen und Pr\u00fcfer in den Aussch\u00fcssen f\u00fcr ihren gro\u00dfen Einsatz. \u201eVon diesem Engagement profitiert die ganze Gesellschaft.\u201c <\/p>\n<p>F\u00fcr anregende Unterhaltung und viele Lacher sorgte das \u201eTheater Mittendrin\u201c mit gekonnten Einlagen. <\/p>\n<p>Die Besten in Wiesbaden geehrt<br \/>\nJedes Jahr absolvieren hessenweit \u00fcber 3500 Fachkr\u00e4fte eine anerkannte IHK-Weiterbildung. Die Teilnehmer mit den besten Abschl\u00fcssen aus dem Pr\u00fcfungsjahrgang Winter 2016\/17 und aus dem Fr\u00fchjahr 2017 wurden am 23. November 2017 im Wiesbadener Staatstheater von Dr. Wolfgang Dippel, Staatssekret\u00e4r im Hessischen Ministerium f\u00fcr Soziales und Integration, und Tatjana Tr\u00f6mner-Gelbe, Vizepr\u00e4sidentin der IHK Wiesbaden, stellvertretend f\u00fcr die Arbeitsgemeinschaft hessischer IHKs, ausgezeichnet. <\/p>\n<p>Von den 45 Besten legten f\u00fcnf ihre Weiterbildungspr\u00fcfung in der IHK Fulda ab. In Wiesbaden ausgezeichnet wurden: <\/p>\n<p>Industriemeister Elektrotechnik &#8211; Fabian Burkard<br \/>\nHandelsfachwirtin &#8211; Sofia Hainer<br \/>\nFachwirtin im Gesundheits- und Sozialwesen &#8211; Katharina Kl\u00fch<br \/>\nFachwirt f\u00fcr Logistiksysteme &#8211; Benjamin Tiggemann<br \/>\nTechnischer Betriebswirt &#8211; Marcel Wiegand <\/p>\n<p>Liste der Absolventen: <\/p>\n<p>Bilanzbuchhalter\/in<br \/>\nLisa Bernhard, Lilli D\u00fcck, Markus Kircher, Tasja Klobetanz, Benjamin Phillips, Irina Rasputin, Julia Ullrich, Sabrina  Werner<br \/>\nFachwirt\/in f\u00fcr B\u00fcro- und Projektorganisation<br \/>\nSarah Bettinger, Benedict Gromes, Svenja Hartwig, Marl\u00e9n Kn\u00fcttel, Ann-Christin Kr\u00f6nung, Stefan Lambach, Silke Rieger, Carina Roth, Ina Wei\u00dfenstein, Christel Wiegel <\/p>\n<p>Fachwirtin im Gesundheits- und Sozialwesen<br \/>\nKatharina Kl\u00fch, Sabina Kr\u00e4mer, Christin Mahr, Claudia M\u00fcller, Katja Schneider<br \/>\nFachwirt\/in f\u00fcr Logistiksysteme<br \/>\nChristopher K\u00fcmpel, Marcus Rohrig, Sascha Sch\u00e4fer, Benjamin Tiggemann<br \/>\nHandelsfachwirt\/in<br \/>\nSebastian Gaul, Sofia Hainer, Marco Heller, Ibolya Hesse, Michelle K\u00f6se, Wolfgang Kutscher, Chantal Ruppel, Marc Spies, Eduard Wisner<br \/>\nIndustriemeister\/in Elektro<br \/>\nSebastian Apel, Fabian Burkard, Christoph Kre\u00df, Benedikt Roth, Daniel Schneider, Daniel Schreiner<br \/>\nIndustriemeister\/in Metall<br \/>\nFabian H\u00e4user, Thorsten Halsch, Marian Heimrich, Florian Hohmann, Andreas Krug, Lennart Liebeck, Steffen M\u00f6ller, Alexander Pitton, Fabian T\u00f6gel, Lukas Weber, Florian Ziegler<br \/>\nLogistikmeister\/in<br \/>\nRene Schildbach, Jonas Vey, Tony Gutke<br \/>\nMeister\/in Hauswirtschaft<br \/>\nMandy van den Brandt, Astrid Eifert-R\u00fchl, Anastasia Rempel, Martina Krug, Judith Lindermann Isabel Neidert<br \/>\nPersonalfachkaufmann\/frau<br \/>\nLisa B\u00fchner, Jasmin Gruska, Jasmin J\u00f6kel, Anja Kl\u00fcber, Daniela Leopold, Anastasia Schimanski<br \/>\nTechnische\/r Betriebswirt\/in<br \/>\nSebastian  Bohl, Corina Herget, Andreas Kl\u00fcber, Lukas Mihm, Markus M\u00f6der, Stefan Slowig Marcel Wiegand<br \/>\nZeichen inklusive Leerzeichen: 3117 (ohne Namensliste) <\/p>\n<p>Bildunterschrift: Im Parkhotel Kolpinghaus wurden im feierlichen<br \/>\nRahmen die Zeugnisse f\u00fcr die Aufstiegsfortbildungen \u00fcberreicht:<br \/>\nDie Landesbesten (v. li.): Stefan Schunck (Hauptgesch\u00e4ftsf\u00fchrer der IHK<br \/>\nFulda) Sofia Hainer, Benjamin Tiggemann, Katharina Kl\u00fch, Fabian<br \/>\nBurkard, Marcel Wiegand und Monika Hau\u00df-Schmid (Vizepr\u00e4sidentin<br \/>\nder IHK Fulda<\/p>\n","protected":false},"excerpt":{"rendered":"<div class=\"tmnf_excerpt\"><p>75 Absolventinnen und Absolventen haben erfolgreich an einer IHK-Weiterbildungspr\u00fcfung teilgenommen und damit einen weiteren wichtigen Schritt f\u00fcr ihre berufliche Zukunft getan. F\u00fcnf von ihnen haben in diesem Jahr in Hessen die beste Pr\u00fcfung abgelegt und den Landessieg errungen. \u201eSie k\u00f6nnen stolz sein!\u201c, gratulierte IHK-Vizepr\u00e4sidentin Monika Hau\u00df-Schmid. Am 30. November wurden im Parkhotel Kolpinghaus in Fulda &hellip;<\/p>\n<\/div>","protected":false},"author":1,"featured_media":169973,"comment_status":"closed","ping_status":"closed","sticky":false,"template":"","format":"standard","meta":{"footnotes":""},"categories":[1],"tags":[],"class_list":["post-169967","post","type-post","status-publish","format-standard","has-post-thumbnail","hentry","category-startseite"],"_links":{"self":[{"href":"https:\/\/www.fuldaernachrichten.de\/index.php?rest_route=\/wp\/v2\/posts\/169967","targetHints":{"allow":["GET"]}}],"collection":[{"href":"https:\/\/www.fuldaernachrichten.de\/index.php?rest_route=\/wp\/v2\/posts"}],"about":[{"href":"https:\/\/www.fuldaernachrichten.de\/index.php?rest_route=\/wp\/v2\/types\/post"}],"author":[{"embeddable":true,"href":"https:\/\/www.fuldaernachrichten.de\/index.php?rest_route=\/wp\/v2\/users\/1"}],"replies":[{"embeddable":true,"href":"https:\/\/www.fuldaernachrichten.de\/index.php?rest_route=%2Fwp%2Fv2%2Fcomments&post=169967"}],"version-history":[{"count":1,"href":"https:\/\/www.fuldaernachrichten.de\/index.php?rest_route=\/wp\/v2\/posts\/169967\/revisions"}],"predecessor-version":[{"id":169974,"href":"https:\/\/www.fuldaernachrichten.de\/index.php?rest_route=\/wp\/v2\/posts\/169967\/revisions\/169974"}],"wp:featuredmedia":[{"embeddable":true,"href":"https:\/\/www.fuldaernachrichten.de\/index.php?rest_route=\/wp\/v2\/media\/169973"}],"wp:attachment":[{"href":"https:\/\/www.fuldaernachrichten.de\/index.php?rest_route=%2Fwp%2Fv2%2Fmedia&parent=169967"}],"wp:term":[{"taxonomy":"category","embeddable":true,"href":"https:\/\/www.fuldaernachrichten.de\/index.php?rest_route=%2Fwp%2Fv2%2Fcategories&post=169967"},{"taxonomy":"post_tag","embeddable":true,"href":"https:\/\/www.fuldaernachrichten.de\/index.php?rest_route=%2Fwp%2Fv2%2Ftags&post=169967"}],"curies":[{"name":"wp","href":"https:\/\/api.w.org\/{rel}","templated":true}]}}