{"id":169824,"date":"2017-11-28T10:57:07","date_gmt":"2017-11-28T09:57:07","guid":{"rendered":"http:\/\/www.fuldaer-nachrichten.de\/?p=169824"},"modified":"2017-11-28T10:57:07","modified_gmt":"2017-11-28T09:57:07","slug":"geschichte-der-griechenlandreisen","status":"publish","type":"post","link":"https:\/\/www.fuldaernachrichten.de\/?p=169824","title":{"rendered":"Geschichte der Griechenlandreisen"},"content":{"rendered":"<p>Eine neue Vortragsreihe \u00fcber die Wiederentdeckung des klassischen Griechenland im 18. und 19. Jahrhundert beginnt an der St\u00e4dtischen Volkshochschule am Donnerstag, 30.11.2017. Dr. Wolfgang Hautumm beschreibt in seinem reich bebilderten Vortrag die Geschichte der ersten Griechenlandreisenden wie F\u00fcrst P\u00fcckler-Muskau, Heinrich Schliemann und andere.<\/p>\n<p>Der Vortrag beginnt um 19.00 Uhr im vhs-Forum Kanzlerpalais in Fulda. Die Geb\u00fchr betr\u00e4gt 5,00 \u00e2\u201a\u00ac.<\/p>\n","protected":false},"excerpt":{"rendered":"<div class=\"tmnf_excerpt\"><p>Eine neue Vortragsreihe \u00fcber die Wiederentdeckung des klassischen Griechenland im 18. und 19. Jahrhundert beginnt an der St\u00e4dtischen Volkshochschule am Donnerstag, 30.11.2017. Dr. Wolfgang Hautumm beschreibt in seinem reich bebilderten Vortrag die Geschichte der ersten Griechenlandreisenden wie F\u00fcrst P\u00fcckler-Muskau, Heinrich Schliemann und andere. Der Vortrag beginnt um 19.00 Uhr im vhs-Forum Kanzlerpalais in Fulda. Die &hellip;<\/p>\n<\/div>","protected":false},"author":1,"featured_media":0,"comment_status":"closed","ping_status":"closed","sticky":false,"template":"","format":"standard","meta":{"footnotes":""},"categories":[1],"tags":[],"class_list":["post-169824","post","type-post","status-publish","format-standard","hentry","category-startseite"],"_links":{"self":[{"href":"https:\/\/www.fuldaernachrichten.de\/index.php?rest_route=\/wp\/v2\/posts\/169824","targetHints":{"allow":["GET"]}}],"collection":[{"href":"https:\/\/www.fuldaernachrichten.de\/index.php?rest_route=\/wp\/v2\/posts"}],"about":[{"href":"https:\/\/www.fuldaernachrichten.de\/index.php?rest_route=\/wp\/v2\/types\/post"}],"author":[{"embeddable":true,"href":"https:\/\/www.fuldaernachrichten.de\/index.php?rest_route=\/wp\/v2\/users\/1"}],"replies":[{"embeddable":true,"href":"https:\/\/www.fuldaernachrichten.de\/index.php?rest_route=%2Fwp%2Fv2%2Fcomments&post=169824"}],"version-history":[{"count":1,"href":"https:\/\/www.fuldaernachrichten.de\/index.php?rest_route=\/wp\/v2\/posts\/169824\/revisions"}],"predecessor-version":[{"id":169827,"href":"https:\/\/www.fuldaernachrichten.de\/index.php?rest_route=\/wp\/v2\/posts\/169824\/revisions\/169827"}],"wp:attachment":[{"href":"https:\/\/www.fuldaernachrichten.de\/index.php?rest_route=%2Fwp%2Fv2%2Fmedia&parent=169824"}],"wp:term":[{"taxonomy":"category","embeddable":true,"href":"https:\/\/www.fuldaernachrichten.de\/index.php?rest_route=%2Fwp%2Fv2%2Fcategories&post=169824"},{"taxonomy":"post_tag","embeddable":true,"href":"https:\/\/www.fuldaernachrichten.de\/index.php?rest_route=%2Fwp%2Fv2%2Ftags&post=169824"}],"curies":[{"name":"wp","href":"https:\/\/api.w.org\/{rel}","templated":true}]}}