{"id":169783,"date":"2017-11-24T06:14:34","date_gmt":"2017-11-24T05:14:34","guid":{"rendered":"http:\/\/www.fuldaer-nachrichten.de\/?p=169783"},"modified":"2017-11-24T06:14:34","modified_gmt":"2017-11-24T05:14:34","slug":"auch-in-der-kommenden-reisesaison-bietet-die-caritas-fulda-aelteren-menschen-attraktive-reiseangebote-zu-ausgesuchten-bedarfsgerechten-zielen-in-nord-und-sued","status":"publish","type":"post","link":"https:\/\/www.fuldaernachrichten.de\/?p=169783","title":{"rendered":"Auch in der kommenden Reisesaison bietet die Caritas Fulda \u00e4lteren Menschen attraktive Reiseangebote zu ausgesuchten, bedarfsgerechten Zielen in Nord und S\u00fcd"},"content":{"rendered":"<p>Das Jahr 2018 r\u00fcckt n\u00e4her \u2013 genau die richtige Zeit f\u00fcr das Erscheinen des neuen Reisekatalogs der Caritas-Seniorenreisen, den Di\u00f6zesan-Caritasdirektor Dr. Markus Juch<br \/>\ngemeinsam mit dem Caritas-Ressortleiter Soziale Dienste \/ Gemeindecaritas, Franz Meyer, und der f\u00fcr die Reiseorganisation beauftragten Mitarbeiterin Simone M\u00f6ller pr\u00e4sentierte (unser Foto). \u201eSeit Jahrzehnten schon\u201c, so Caritasdirektor Juch, \u201ebietet die Caritas im Bistum Fulda \u00e4lteren Menschen, die gerne noch reisen wollen, aber nicht mehr so gerne allein organisiert unterwegs sind, eine bunte Auswahl an Reisen und Freizeiten in Nah und Fern. Diese Caritas- Reisen sind ein ganz wichtiges Angebot f\u00fcr unsere Zielgruppe der Senioren!\u201c<\/p>\n<p>\u201eWir wollen allen \u00e4lteren Menschen die M\u00f6glichkeit geben, an diesen Caritas-Reisen teilzunehmen\u201c, erg\u00e4nzt Ressorteiter Meyer. \u201eDeshalb achtet unsere Mitarbeiterin Simone M\u00f6ller darauf, dass Unterk\u00fcnfte und  Zielorte dieser Reiseangebote speziell auf die Bedarfe und W\u00fcnsche von Seniorinnen und Senioren zugeschnitten sind. Dabei k\u00f6nnen die Reiseziele genauso am Meer wie in den Mittelgebirgen oder am Alpenrand liegen, und auch Kurst\u00e4dte geh\u00f6ren in das Caritas-Reiseangebot f\u00fcr Senioren!\u201c   <\/p>\n<p>\u201eIn unserem Programm halten wir zwar am Bew\u00e4hrten fest, aber wir haben jedes Jahr auch etwas neues im Angebot\u201c, betont die zust\u00e4ndige Caritas-Mitarbeiterin Simone M\u00f6ller, \u201eso k\u00f6nnen Experimentierfreudige sich auf unbekanntes Terrain begeben. Und die anderen Seniorinnen und Senioren orientieren sich wieder an den bekannten Zielen. Jeder eben nach seinen W\u00fcnschen und Vorstellungen.\u201c Neue Reiseziele 2018 sind Alken an der Mosel, Bad W\u00f6rishofen in Niederbayern und Bad Neuenahr-Ahrweiler im Ahrtal. Nach einigen Jahren Pause ist auch Bad Wiessee am Tegernsee wieder im Programm. <\/p>\n<p>Das neue Jahresprogramm der Caritas-Seniorenreisen kann ab sofort kostenlos und unverbindlich angefordert werden beim Caritasverband f\u00fcr die Di\u00f6zese Fulda (Tel.0661 \/ 2428-131 oder per E-Mail unter simone.moeller@caritas-fulda.de. F\u00fcr die Selbstabholer unter den Interessenten wird der Katalog ohne Vorbestellung ganz einfach im Caritas-Laden am Dom in der Kanalstra\u00dfe 7 \u00fcberreicht.  Und auch online unter www.caritas-fulda.de kann man sich informieren: Alle angebotenen Reisen sind dort ausf\u00fchrlich beschrieben \u2013 dazu bitte einfach auf der Eingangsseite die entsprechende \u201eKachel\u201c f\u00fcr Seniorenreisen anklicken! <\/p>\n","protected":false},"excerpt":{"rendered":"<div class=\"tmnf_excerpt\"><p>Das Jahr 2018 r\u00fcckt n\u00e4her \u2013 genau die richtige Zeit f\u00fcr das Erscheinen des neuen Reisekatalogs der Caritas-Seniorenreisen, den Di\u00f6zesan-Caritasdirektor Dr. Markus Juch gemeinsam mit dem Caritas-Ressortleiter Soziale Dienste \/ Gemeindecaritas, Franz Meyer, und der f\u00fcr die Reiseorganisation beauftragten Mitarbeiterin Simone M\u00f6ller pr\u00e4sentierte (unser Foto). \u201eSeit Jahrzehnten schon\u201c, so Caritasdirektor Juch, \u201ebietet die Caritas im &hellip;<\/p>\n<\/div>","protected":false},"author":1,"featured_media":169784,"comment_status":"closed","ping_status":"closed","sticky":false,"template":"","format":"standard","meta":{"footnotes":""},"categories":[1],"tags":[],"class_list":["post-169783","post","type-post","status-publish","format-standard","has-post-thumbnail","hentry","category-startseite"],"_links":{"self":[{"href":"https:\/\/www.fuldaernachrichten.de\/index.php?rest_route=\/wp\/v2\/posts\/169783","targetHints":{"allow":["GET"]}}],"collection":[{"href":"https:\/\/www.fuldaernachrichten.de\/index.php?rest_route=\/wp\/v2\/posts"}],"about":[{"href":"https:\/\/www.fuldaernachrichten.de\/index.php?rest_route=\/wp\/v2\/types\/post"}],"author":[{"embeddable":true,"href":"https:\/\/www.fuldaernachrichten.de\/index.php?rest_route=\/wp\/v2\/users\/1"}],"replies":[{"embeddable":true,"href":"https:\/\/www.fuldaernachrichten.de\/index.php?rest_route=%2Fwp%2Fv2%2Fcomments&post=169783"}],"version-history":[{"count":1,"href":"https:\/\/www.fuldaernachrichten.de\/index.php?rest_route=\/wp\/v2\/posts\/169783\/revisions"}],"predecessor-version":[{"id":169785,"href":"https:\/\/www.fuldaernachrichten.de\/index.php?rest_route=\/wp\/v2\/posts\/169783\/revisions\/169785"}],"wp:featuredmedia":[{"embeddable":true,"href":"https:\/\/www.fuldaernachrichten.de\/index.php?rest_route=\/wp\/v2\/media\/169784"}],"wp:attachment":[{"href":"https:\/\/www.fuldaernachrichten.de\/index.php?rest_route=%2Fwp%2Fv2%2Fmedia&parent=169783"}],"wp:term":[{"taxonomy":"category","embeddable":true,"href":"https:\/\/www.fuldaernachrichten.de\/index.php?rest_route=%2Fwp%2Fv2%2Fcategories&post=169783"},{"taxonomy":"post_tag","embeddable":true,"href":"https:\/\/www.fuldaernachrichten.de\/index.php?rest_route=%2Fwp%2Fv2%2Ftags&post=169783"}],"curies":[{"name":"wp","href":"https:\/\/api.w.org\/{rel}","templated":true}]}}