{"id":1697,"date":"2007-02-14T00:52:11","date_gmt":"2007-02-13T23:52:11","guid":{"rendered":"http:\/\/www.schoene-nachrichten.de\/?p=1697"},"modified":"2007-02-14T00:52:11","modified_gmt":"2007-02-13T23:52:11","slug":"firmvorbereitung-generalvikariat-bietet-kurs-an","status":"publish","type":"post","link":"https:\/\/www.fuldaernachrichten.de\/?p=1697","title":{"rendered":"Firmvorbereitung: Generalvikariat bietet Kurs an"},"content":{"rendered":"<p><strong>Sch\u00f6nes aus Fulda.<\/strong> F\u00fcr Erwachsene, die ehrenamtlich in der Vorbereitung junger Menschen auf den Empfang des Firmsakraments mitwirken, bietet das Seelsorgeamt im Bisch\u00f6flichen Generalvikariat einen Kurs an, der zu dieser Aufgabe einige Hilfen bieten soll und im Fuldaer Bonifatiushaus stattfinden wird.<\/p>\n<p><!--more-->An insgesamt f\u00fcnf Abenden werden verschiedene Schwerpunkte angesprochen wie die psychosoziale Situation Jugendlicher, die Sakramente als Heilszeichen des Glaubens, Gottesbilder in Bibel, Inhalte und Methoden der Firmvorbereitung sowie Gebete, Texte, Filme und Materialen.<\/p>\n<p>Erster Termin ist am Donnerstag, 1. M\u00e4rz, von 19.30 Uhr bis 21.30 Uhr. Die weiteren vier Termine finden jeweils zur gleichen Uhrzeit an den darauffolgenden Donnerstagen statt: 8. M\u00e4rz, 15. M\u00e4rz, 22. M\u00e4rz und 29. M\u00e4rz. Referenten und Kursleiter sind Norbert Bug, Pastoralreferent im Seelsorgeamt, und Ernst-Joachim Jost, Gemeindereferent im Seelsorgeamt.<\/p>\n<p>Weitere Informationen und Anmeldung beim Bisch\u00f6flichen Generalvikariat, Seelsorgeamt, Paulustor 5, 36037 Fulda, Tel. 0661\/87-353, Fax 0661\/87-424, E-Mail: <a href=\"mailto:seelsorge@bistum-fulda.de\">seelsorge@bistum-fulda.de<\/a>.<\/p>\n","protected":false},"excerpt":{"rendered":"<div class=\"tmnf_excerpt\"><p>Sch\u00f6nes aus Fulda. F\u00fcr Erwachsene, die ehrenamtlich in der Vorbereitung junger Menschen auf den Empfang des Firmsakraments mitwirken, bietet das Seelsorgeamt im Bisch\u00f6flichen Generalvikariat einen Kurs an, der zu dieser Aufgabe einige Hilfen bieten soll und im Fuldaer Bonifatiushaus stattfinden wird.<\/p>\n<\/div>","protected":false},"author":1,"featured_media":0,"comment_status":"closed","ping_status":"closed","sticky":false,"template":"","format":"standard","meta":{"footnotes":""},"categories":[1,50],"tags":[],"class_list":["post-1697","post","type-post","status-publish","format-standard","hentry","category-startseite","category-kirche"],"_links":{"self":[{"href":"https:\/\/www.fuldaernachrichten.de\/index.php?rest_route=\/wp\/v2\/posts\/1697","targetHints":{"allow":["GET"]}}],"collection":[{"href":"https:\/\/www.fuldaernachrichten.de\/index.php?rest_route=\/wp\/v2\/posts"}],"about":[{"href":"https:\/\/www.fuldaernachrichten.de\/index.php?rest_route=\/wp\/v2\/types\/post"}],"author":[{"embeddable":true,"href":"https:\/\/www.fuldaernachrichten.de\/index.php?rest_route=\/wp\/v2\/users\/1"}],"replies":[{"embeddable":true,"href":"https:\/\/www.fuldaernachrichten.de\/index.php?rest_route=%2Fwp%2Fv2%2Fcomments&post=1697"}],"version-history":[{"count":0,"href":"https:\/\/www.fuldaernachrichten.de\/index.php?rest_route=\/wp\/v2\/posts\/1697\/revisions"}],"wp:attachment":[{"href":"https:\/\/www.fuldaernachrichten.de\/index.php?rest_route=%2Fwp%2Fv2%2Fmedia&parent=1697"}],"wp:term":[{"taxonomy":"category","embeddable":true,"href":"https:\/\/www.fuldaernachrichten.de\/index.php?rest_route=%2Fwp%2Fv2%2Fcategories&post=1697"},{"taxonomy":"post_tag","embeddable":true,"href":"https:\/\/www.fuldaernachrichten.de\/index.php?rest_route=%2Fwp%2Fv2%2Ftags&post=1697"}],"curies":[{"name":"wp","href":"https:\/\/api.w.org\/{rel}","templated":true}]}}