{"id":169462,"date":"2017-11-14T13:00:31","date_gmt":"2017-11-14T12:00:31","guid":{"rendered":"http:\/\/www.fuldaer-nachrichten.de\/?p=169462"},"modified":"2017-11-14T13:00:31","modified_gmt":"2017-11-14T12:00:31","slug":"verabschiedung-von-frau-maria-auth-bei-der-gemeinde-flieden","status":"publish","type":"post","link":"https:\/\/www.fuldaernachrichten.de\/?p=169462","title":{"rendered":"Verabschiedung von Frau Maria Auth bei der Gemeinde Flieden"},"content":{"rendered":"<p>Auf insgesamt 27 Jahre der Besch\u00e4ftigung von Maria Auth in den Kindertagesst\u00e4tten der Gemeinde Flieden blickte B\u00fcrgermeister Christian Henkel im Rahmen ihrer Abschiedsfeier im Oktober zur\u00fcck. Im Laufe dieser Zeit war Frau Auth in allen Kinderg\u00e4rten der Gemeinde t\u00e4tig und in verschiedenen Gruppen als Zweitkraft eingesetzt.<br \/>\nIn einem kleinen feierlichen Rahmen dankte der B\u00fcrgermeister seiner ehemaligen Mitarbeiterin f\u00fcr ihren geleisteten Dienst und betonte besonders den Wert der t\u00e4glichen Arbeit in den Kindertageseinrichtungen und die Feinf\u00fchligkeit und Offenheit, mit der Frau Auth die Kinder auf ihr Leben vorbereitete.<\/p>\n<p>Jennifer Heil, die Leiterin der Kindertagesst\u00e4tte St. Josef, in der Maria Auth die l\u00e4ngste Zeit ihrer Besch\u00e4ftigung eingesetzt war, dankte der Kollegin f\u00fcr ihre Flexibilit\u00e4t und Loyalit\u00e4t. Von Seiten des Personalrates lie\u00df Frank M\u00fcller die Vergangenheit vieler und langer Stunden im Kollegenkreis Revue passieren. Alle w\u00fcnschten Frau Auth alles Gute f\u00fcr die vor ihr liegende neue Zeit.<\/p>\n","protected":false},"excerpt":{"rendered":"<div class=\"tmnf_excerpt\"><p>Auf insgesamt 27 Jahre der Besch\u00e4ftigung von Maria Auth in den Kindertagesst\u00e4tten der Gemeinde Flieden blickte B\u00fcrgermeister Christian Henkel im Rahmen ihrer Abschiedsfeier im Oktober zur\u00fcck. Im Laufe dieser Zeit war Frau Auth in allen Kinderg\u00e4rten der Gemeinde t\u00e4tig und in verschiedenen Gruppen als Zweitkraft eingesetzt. In einem kleinen feierlichen Rahmen dankte der B\u00fcrgermeister seiner &hellip;<\/p>\n<\/div>","protected":false},"author":1,"featured_media":169471,"comment_status":"closed","ping_status":"closed","sticky":false,"template":"","format":"standard","meta":{"footnotes":""},"categories":[1],"tags":[],"class_list":["post-169462","post","type-post","status-publish","format-standard","has-post-thumbnail","hentry","category-startseite"],"_links":{"self":[{"href":"https:\/\/www.fuldaernachrichten.de\/index.php?rest_route=\/wp\/v2\/posts\/169462","targetHints":{"allow":["GET"]}}],"collection":[{"href":"https:\/\/www.fuldaernachrichten.de\/index.php?rest_route=\/wp\/v2\/posts"}],"about":[{"href":"https:\/\/www.fuldaernachrichten.de\/index.php?rest_route=\/wp\/v2\/types\/post"}],"author":[{"embeddable":true,"href":"https:\/\/www.fuldaernachrichten.de\/index.php?rest_route=\/wp\/v2\/users\/1"}],"replies":[{"embeddable":true,"href":"https:\/\/www.fuldaernachrichten.de\/index.php?rest_route=%2Fwp%2Fv2%2Fcomments&post=169462"}],"version-history":[{"count":1,"href":"https:\/\/www.fuldaernachrichten.de\/index.php?rest_route=\/wp\/v2\/posts\/169462\/revisions"}],"predecessor-version":[{"id":169472,"href":"https:\/\/www.fuldaernachrichten.de\/index.php?rest_route=\/wp\/v2\/posts\/169462\/revisions\/169472"}],"wp:featuredmedia":[{"embeddable":true,"href":"https:\/\/www.fuldaernachrichten.de\/index.php?rest_route=\/wp\/v2\/media\/169471"}],"wp:attachment":[{"href":"https:\/\/www.fuldaernachrichten.de\/index.php?rest_route=%2Fwp%2Fv2%2Fmedia&parent=169462"}],"wp:term":[{"taxonomy":"category","embeddable":true,"href":"https:\/\/www.fuldaernachrichten.de\/index.php?rest_route=%2Fwp%2Fv2%2Fcategories&post=169462"},{"taxonomy":"post_tag","embeddable":true,"href":"https:\/\/www.fuldaernachrichten.de\/index.php?rest_route=%2Fwp%2Fv2%2Ftags&post=169462"}],"curies":[{"name":"wp","href":"https:\/\/api.w.org\/{rel}","templated":true}]}}