{"id":169416,"date":"2017-11-11T09:18:25","date_gmt":"2017-11-11T08:18:25","guid":{"rendered":"http:\/\/www.fuldaer-nachrichten.de\/?p=169416"},"modified":"2017-11-11T09:18:25","modified_gmt":"2017-11-11T08:18:25","slug":"awo-buecherbasar-am-sa-18-11-2017-ab-1400-uhr-awo-fulda-frankfurter-str-28","status":"publish","type":"post","link":"https:\/\/www.fuldaernachrichten.de\/?p=169416","title":{"rendered":"AWO B\u00fccherbasar am Sa. 18.11.2017 ab 14:00 Uhr, AWO Fulda, Frankfurter Str. 28"},"content":{"rendered":"<p>Winterzeit \u2013 Zeit zum Schm\u00f6kern am Kamin! Der Arbeiterwohlfahrt Kreisverband Fulda e.V. veranstaltet den letzten B\u00fccherbasar in diesem Jahr. Angeboten wird eine gro\u00dfe Auswahl zum Teil fast neuwertiger B\u00fccher. Wie in der Vergangenheit gibt es auch wieder die Gelegenheit bei Kaffee und Kuchen die ersten Leseproben zu nehmen. Der Erl\u00f6s kommt direkt der Kinder- und Jugendarbeit der AWO in Fulda zugute.<\/p>\n<p>Der Basar findet am Sa. 18.11.2017 von 14:00 \u2013 16:00 Uhr in unserer Gesch\u00e4ftsstelle in Fulda in der Frankfurter Str. 28 statt.<\/p>\n","protected":false},"excerpt":{"rendered":"<div class=\"tmnf_excerpt\"><p>Winterzeit \u2013 Zeit zum Schm\u00f6kern am Kamin! Der Arbeiterwohlfahrt Kreisverband Fulda e.V. veranstaltet den letzten B\u00fccherbasar in diesem Jahr. Angeboten wird eine gro\u00dfe Auswahl zum Teil fast neuwertiger B\u00fccher. Wie in der Vergangenheit gibt es auch wieder die Gelegenheit bei Kaffee und Kuchen die ersten Leseproben zu nehmen. Der Erl\u00f6s kommt direkt der Kinder- und &hellip;<\/p>\n<\/div>","protected":false},"author":1,"featured_media":0,"comment_status":"closed","ping_status":"closed","sticky":false,"template":"","format":"standard","meta":{"footnotes":""},"categories":[1],"tags":[],"class_list":["post-169416","post","type-post","status-publish","format-standard","hentry","category-startseite"],"_links":{"self":[{"href":"https:\/\/www.fuldaernachrichten.de\/index.php?rest_route=\/wp\/v2\/posts\/169416","targetHints":{"allow":["GET"]}}],"collection":[{"href":"https:\/\/www.fuldaernachrichten.de\/index.php?rest_route=\/wp\/v2\/posts"}],"about":[{"href":"https:\/\/www.fuldaernachrichten.de\/index.php?rest_route=\/wp\/v2\/types\/post"}],"author":[{"embeddable":true,"href":"https:\/\/www.fuldaernachrichten.de\/index.php?rest_route=\/wp\/v2\/users\/1"}],"replies":[{"embeddable":true,"href":"https:\/\/www.fuldaernachrichten.de\/index.php?rest_route=%2Fwp%2Fv2%2Fcomments&post=169416"}],"version-history":[{"count":1,"href":"https:\/\/www.fuldaernachrichten.de\/index.php?rest_route=\/wp\/v2\/posts\/169416\/revisions"}],"predecessor-version":[{"id":169418,"href":"https:\/\/www.fuldaernachrichten.de\/index.php?rest_route=\/wp\/v2\/posts\/169416\/revisions\/169418"}],"wp:attachment":[{"href":"https:\/\/www.fuldaernachrichten.de\/index.php?rest_route=%2Fwp%2Fv2%2Fmedia&parent=169416"}],"wp:term":[{"taxonomy":"category","embeddable":true,"href":"https:\/\/www.fuldaernachrichten.de\/index.php?rest_route=%2Fwp%2Fv2%2Fcategories&post=169416"},{"taxonomy":"post_tag","embeddable":true,"href":"https:\/\/www.fuldaernachrichten.de\/index.php?rest_route=%2Fwp%2Fv2%2Ftags&post=169416"}],"curies":[{"name":"wp","href":"https:\/\/api.w.org\/{rel}","templated":true}]}}